{"id":7608,"date":"2019-04-20T17:22:43","date_gmt":"2019-04-20T17:22:43","guid":{"rendered":"http:\/\/paroquiagloria.org\/v2\/?p=7608"},"modified":"2019-04-20T17:22:43","modified_gmt":"2019-04-20T17:22:43","slug":"aqui-ao-lado","status":"publish","type":"post","link":"https:\/\/paroquiagloria.org\/v2\/?p=7608","title":{"rendered":"&#8230; aqui ao lado"},"content":{"rendered":"<p>&nbsp;<\/p>\n<p><a href=\"http:\/\/paroquiagloria.org\/v2\/wp-content\/uploads\/2019\/04\/maditacao_VC.jpg\"><img loading=\"lazy\" class=\"size-full wp-image-7609 aligncenter\" src=\"http:\/\/paroquiagloria.org\/v2\/wp-content\/uploads\/2019\/04\/maditacao_VC.jpg\" alt=\"maditacao_VC\" width=\"940\" height=\"788\" srcset=\"https:\/\/paroquiagloria.org\/v2\/wp-content\/uploads\/2019\/04\/maditacao_VC.jpg 940w, https:\/\/paroquiagloria.org\/v2\/wp-content\/uploads\/2019\/04\/maditacao_VC-300x251.jpg 300w\" sizes=\"(max-width: 940px) 100vw, 940px\" \/><\/a><\/p>\n<p>A par\u00f3quia da Vera Cruz, come\u00e7a na pr\u00f3xima quarta-feira dia 24 de Abril uma proposta de Medita\u00e7\u00e3o Crist\u00e3, onde se aprofunda a Entrega, o Abandono e a Confian\u00e7a em Deus.<br \/>\nSer\u00e1 todas as quartas-feiras, \u00e0s 19h50 na Sala da Medita\u00e7\u00e3o da igreja da Vera Cruz.<\/p>\n<p>&nbsp;<\/p>\n<p>Mais informa\u00e7\u00f5es <a href=\"https:\/\/www.facebook.com\/paroquiaveracruz\/photos\/a.363342897093841\/2269535149807930\/?type=3&amp;eid=ARCz63KyANAE-dMvsErPS1BLWrNuFmaQDXA77mzR0jCfgrr-Xw7XvRBAAVJsDp1jgu-4WNpmbuPTPzML&amp;__xts__%5B0%5D=68.ARA3xyjzFQMO_zrB55lXnFHJrERiZH7X-cXIuAybiIBn5zJLKds4JushZ594fcafQ8zGzEA7q_sFlHw6GZ91z-Vto3OIhcR9L79885LzCw9a1jzGOmjID_-B62kP8jSuvRlTYBIQ_4GTKts0ilR4bgbVXV2kGbvsUMGEK-GQxvF7NRaTQTmhm_aLxw5k2Z7N-DSYraBlqLvjR7OTbg7phzuQAcngxAz2b23YowtnkC2oK_Yi6EXsPldCruCYbdFEUJDTpLsbZoqbwZTuRqIM6h6k0_ih9xoGqjyvuuTsbggADiU-Efc3Q22WGUDD0Qjhnlq3gyq0KaJriSIMbiWpvRGYvA&amp;__tn__=EHH-R\" target=\"_blank\">AQUI<\/a><\/p>\n","protected":false},"excerpt":{"rendered":"<p>&nbsp; A par\u00f3quia da Vera Cruz, come\u00e7a na pr\u00f3xima quarta-feira dia 24 de Abril uma proposta de Medita\u00e7\u00e3o Crist\u00e3, onde se aprofunda a Entrega, o Abandono e a Confian\u00e7a em Deus. Ser\u00e1 todas as quartas-feiras, \u00e0s 19h50 na Sala da Medita\u00e7\u00e3o da igreja da Vera Cruz. &nbsp; Mais informa\u00e7\u00f5es AQUI<\/p>\n","protected":false},"author":1,"featured_media":7610,"comment_status":"open","ping_status":"closed","sticky":false,"template":"","format":"standard","meta":{"ngg_post_thumbnail":0},"categories":[1,4,2],"tags":[],"_links":{"self":[{"href":"https:\/\/paroquiagloria.org\/v2\/index.php?rest_route=\/wp\/v2\/posts\/7608"}],"collection":[{"href":"https:\/\/paroquiagloria.org\/v2\/index.php?rest_route=\/wp\/v2\/posts"}],"about":[{"href":"https:\/\/paroquiagloria.org\/v2\/index.php?rest_route=\/wp\/v2\/types\/post"}],"author":[{"embeddable":true,"href":"https:\/\/paroquiagloria.org\/v2\/index.php?rest_route=\/wp\/v2\/users\/1"}],"replies":[{"embeddable":true,"href":"https:\/\/paroquiagloria.org\/v2\/index.php?rest_route=%2Fwp%2Fv2%2Fcomments&post=7608"}],"version-history":[{"count":1,"href":"https:\/\/paroquiagloria.org\/v2\/index.php?rest_route=\/wp\/v2\/posts\/7608\/revisions"}],"predecessor-version":[{"id":7611,"href":"https:\/\/paroquiagloria.org\/v2\/index.php?rest_route=\/wp\/v2\/posts\/7608\/revisions\/7611"}],"wp:featuredmedia":[{"embeddable":true,"href":"https:\/\/paroquiagloria.org\/v2\/index.php?rest_route=\/wp\/v2\/media\/7610"}],"wp:attachment":[{"href":"https:\/\/paroquiagloria.org\/v2\/index.php?rest_route=%2Fwp%2Fv2%2Fmedia&parent=7608"}],"wp:term":[{"taxonomy":"category","embeddable":true,"href":"https:\/\/paroquiagloria.org\/v2\/index.php?rest_route=%2Fwp%2Fv2%2Fcategories&post=7608"},{"taxonomy":"post_tag","embeddable":true,"href":"https:\/\/paroquiagloria.org\/v2\/index.php?rest_route=%2Fwp%2Fv2%2Ftags&post=7608"}],"curies":[{"name":"wp","href":"https:\/\/api.w.org\/{rel}","templated":true}]}}