{"id":14747,"date":"2026-04-25T18:09:55","date_gmt":"2026-04-25T18:09:55","guid":{"rendered":"https:\/\/paroquiagloria.org\/v2\/?p=14747"},"modified":"2026-04-25T18:09:57","modified_gmt":"2026-04-25T18:09:57","slug":"de-19-a-26-de-abrilsemana-de-oracao-pelas-vocacoes-2","status":"publish","type":"post","link":"https:\/\/paroquiagloria.org\/v2\/?p=14747","title":{"rendered":"de 19 a 26 de Abril<br>Semana de Ora\u00e7\u00e3o pelas Voca\u00e7\u00f5es"},"content":{"rendered":"\n<div class=\"wp-block-image\"><figure class=\"aligncenter size-full\"><a href=\"http:\/\/paroquiagloria.org\/v2\/wp-content\/uploads\/2026\/04\/euestoucontigo2026_small.jpg\"><img loading=\"lazy\" width=\"960\" height=\"960\" src=\"http:\/\/paroquiagloria.org\/v2\/wp-content\/uploads\/2026\/04\/euestoucontigo2026_small.jpg\" alt=\"\" class=\"wp-image-14699\" srcset=\"https:\/\/paroquiagloria.org\/v2\/wp-content\/uploads\/2026\/04\/euestoucontigo2026_small.jpg 960w, https:\/\/paroquiagloria.org\/v2\/wp-content\/uploads\/2026\/04\/euestoucontigo2026_small-300x300.jpg 300w, https:\/\/paroquiagloria.org\/v2\/wp-content\/uploads\/2026\/04\/euestoucontigo2026_small-150x150.jpg 150w, https:\/\/paroquiagloria.org\/v2\/wp-content\/uploads\/2026\/04\/euestoucontigo2026_small-768x768.jpg 768w, https:\/\/paroquiagloria.org\/v2\/wp-content\/uploads\/2026\/04\/euestoucontigo2026_small-185x185.jpg 185w, https:\/\/paroquiagloria.org\/v2\/wp-content\/uploads\/2026\/04\/euestoucontigo2026_small-184x184.jpg 184w\" sizes=\"(max-width: 960px) 100vw, 960px\" \/><\/a><\/figure><\/div>\n\n\n\n<p><strong>Eu estou contigo (Is 41,10)<\/strong><br>Termina neste domingo &#8211; Dia Mundial de Ora\u00e7\u00e3o pelas Voca\u00e7\u00f5es &#8211; a Semana de Ora\u00e7\u00e3o pelas Voca\u00e7\u00f5es, com uma Ora\u00e7\u00e3o no Convento do Carmelo do Cristo Redentor, \u00e0s 16h.<\/p>\n\n\n\n<p><span style=\"text-decoration: underline;\"><strong>Ora\u00e7\u00e3o:<\/strong><\/span><br>Senhor, Pai e Criador,<br>fonte de toda a vida,<br>acolhe a nossa ora\u00e7\u00e3o<br>e ajuda-nos a descobrir o sonho<br>que tens para cada um de n\u00f3s.<br>Senhor Jesus, amigo fiel,<br>revela-nos os passos<br>para Te seguirmos<br>mais de perto.<br>Esp\u00edrito Santo, fogo ardente,<br>derruba em n\u00f3s<br>os medos e os obst\u00e1culos<br>para vivermos a nossa voca\u00e7\u00e3o.<br>Av\u00e9, Maria, nossa M\u00e3e,<br>acompanha-nos no caminho<br>da voca\u00e7\u00e3o rumo \u00e0 santidade.<br>N\u00f3s cremos, Senhor,<br>na Tua promessa fiel:<br>\u00abEu Estou Contigo\u00bb &#8211;<br>hoje, amanh\u00e3 e para sempre.<br>Amen.<\/p>\n","protected":false},"excerpt":{"rendered":"<p>Eu estou contigo (Is 41,10)Termina neste domingo &#8211; Dia Mundial de Ora\u00e7\u00e3o pelas Voca\u00e7\u00f5es &#8211; a Semana de Ora\u00e7\u00e3o pelas Voca\u00e7\u00f5es, com uma Ora\u00e7\u00e3o no Convento do Carmelo do Cristo Redentor, \u00e0s 16h. Ora\u00e7\u00e3o:Senhor, Pai e Criador,fonte de toda a vida,acolhe a nossa ora\u00e7\u00e3oe ajuda-nos a descobrir o sonhoque tens para cada um de n\u00f3s.Senhor [&hellip;]<\/p>\n","protected":false},"author":1,"featured_media":14700,"comment_status":"open","ping_status":"closed","sticky":false,"template":"","format":"standard","meta":{"ngg_post_thumbnail":0},"categories":[1,4,2,6,29],"tags":[],"_links":{"self":[{"href":"https:\/\/paroquiagloria.org\/v2\/index.php?rest_route=\/wp\/v2\/posts\/14747"}],"collection":[{"href":"https:\/\/paroquiagloria.org\/v2\/index.php?rest_route=\/wp\/v2\/posts"}],"about":[{"href":"https:\/\/paroquiagloria.org\/v2\/index.php?rest_route=\/wp\/v2\/types\/post"}],"author":[{"embeddable":true,"href":"https:\/\/paroquiagloria.org\/v2\/index.php?rest_route=\/wp\/v2\/users\/1"}],"replies":[{"embeddable":true,"href":"https:\/\/paroquiagloria.org\/v2\/index.php?rest_route=%2Fwp%2Fv2%2Fcomments&post=14747"}],"version-history":[{"count":1,"href":"https:\/\/paroquiagloria.org\/v2\/index.php?rest_route=\/wp\/v2\/posts\/14747\/revisions"}],"predecessor-version":[{"id":14748,"href":"https:\/\/paroquiagloria.org\/v2\/index.php?rest_route=\/wp\/v2\/posts\/14747\/revisions\/14748"}],"wp:featuredmedia":[{"embeddable":true,"href":"https:\/\/paroquiagloria.org\/v2\/index.php?rest_route=\/wp\/v2\/media\/14700"}],"wp:attachment":[{"href":"https:\/\/paroquiagloria.org\/v2\/index.php?rest_route=%2Fwp%2Fv2%2Fmedia&parent=14747"}],"wp:term":[{"taxonomy":"category","embeddable":true,"href":"https:\/\/paroquiagloria.org\/v2\/index.php?rest_route=%2Fwp%2Fv2%2Fcategories&post=14747"},{"taxonomy":"post_tag","embeddable":true,"href":"https:\/\/paroquiagloria.org\/v2\/index.php?rest_route=%2Fwp%2Fv2%2Ftags&post=14747"}],"curies":[{"name":"wp","href":"https:\/\/api.w.org\/{rel}","templated":true}]}}