{"id":14745,"date":"2026-04-25T18:08:43","date_gmt":"2026-04-25T18:08:43","guid":{"rendered":"https:\/\/paroquiagloria.org\/v2\/?p=14745"},"modified":"2026-04-25T18:08:45","modified_gmt":"2026-04-25T18:08:45","slug":"mes-de-maiomes-de-maria-4","status":"publish","type":"post","link":"https:\/\/paroquiagloria.org\/v2\/?p=14745","title":{"rendered":"M\u00eas de Maio<br>M\u00eas de Maria"},"content":{"rendered":"\n<div class=\"wp-block-image\"><figure class=\"aligncenter size-full\"><a href=\"http:\/\/paroquiagloria.org\/v2\/wp-content\/uploads\/2023\/05\/banner_terco.jpg\"><img loading=\"lazy\" width=\"960\" height=\"450\" src=\"http:\/\/paroquiagloria.org\/v2\/wp-content\/uploads\/2023\/05\/banner_terco.jpg\" alt=\"\" class=\"wp-image-11611\" srcset=\"https:\/\/paroquiagloria.org\/v2\/wp-content\/uploads\/2023\/05\/banner_terco.jpg 960w, https:\/\/paroquiagloria.org\/v2\/wp-content\/uploads\/2023\/05\/banner_terco-300x141.jpg 300w, https:\/\/paroquiagloria.org\/v2\/wp-content\/uploads\/2023\/05\/banner_terco-768x360.jpg 768w\" sizes=\"(max-width: 960px) 100vw, 960px\" \/><\/a><\/figure><\/div>\n\n\n\n<p>No m\u00eas de Maio, recitamos o Ter\u00e7o diariamente, sempre orientado pelos v\u00e1rios grupos da Par\u00f3quia.<br>Este ano, por delibera\u00e7\u00e3o do Conselho Paroquial de Pastoral, a recita\u00e7\u00e3o do Ter\u00e7o durante o m\u00eas de Maio, <strong><span style=\"text-decoration: underline;\">na nossa Igreja, come\u00e7a \u00e0s 21h00<\/span><\/strong> e substitui a recita\u00e7\u00e3o \u00e0s 18h30, antes de cada Missa.<br>Dia 01\/05 &#8211; Visitadores de doentes e Vicentinas<br>Dia 04\/05 &#8211; Servas de Nossa Senhora\/Comunidades Religiosas<br>Dia 05\/05 &#8211; Pastoral Familiar<br>Dia 06\/05 &#8211; 7\u00ba ano de Catequese<br>Dia 11\/05 &#8211; 9\u00ba ano de Catequese<br>Dia 13\/05 &#8211; Prociss\u00e3o de Velas em Santiago<br>Dia 18\/05 &#8211; 8\u00ba ano de Catequese<br>Dia 19\/05 &#8211; Ac\u00f3litos<br>Dia 20\/05 &#8211; Catequese de Adultos<br>Dia 21\/05 &#8211; 6\u00ba ano de Catequese<br>Dia 22\/05 &#8211; Agrupamento 191<br>Dia 25\/05 &#8211; M.E.C.s e Irmandades<br>Dia 26\/05 &#8211; 11\u00ba ano de Catequese<br>Dia 27\/05 &#8211; Leitores<br>Dia 28\/05 &#8211; 5\u00ba ano e 10\u00ba ano de Catequese<br>Dia 29\/05 &#8211; Conselho pastoral<br>Dia 31\/05 &#8211; Encerramento com prociss\u00e3o de velas interparoquial (<em>com in\u00edcio no largo das igrejas de Santo Ant\u00f3nio e S\u00e3o Francisco<\/em>)<br><\/p>\n\n\n\n<p>Tamb\u00e9m <strong><span style=\"text-decoration: underline;\">na igreja de Santo Ant\u00f3nio<\/span><\/strong> a recita\u00e7\u00e3o do ter\u00e7o ser\u00e1 di\u00e1ria, \u00e0s <strong><span style=\"text-decoration: underline;\">18h<\/span><\/strong> a iniciar no dia 4 de Maio.<\/p>\n","protected":false},"excerpt":{"rendered":"<p>No m\u00eas de Maio, recitamos o Ter\u00e7o diariamente, sempre orientado pelos v\u00e1rios grupos da Par\u00f3quia.Este ano, por delibera\u00e7\u00e3o do Conselho Paroquial de Pastoral, a recita\u00e7\u00e3o do Ter\u00e7o durante o m\u00eas de Maio, na nossa Igreja, come\u00e7a \u00e0s 21h00 e substitui a recita\u00e7\u00e3o \u00e0s 18h30, antes de cada Missa.Dia 01\/05 &#8211; Visitadores de doentes e VicentinasDia [&hellip;]<\/p>\n","protected":false},"author":1,"featured_media":11611,"comment_status":"open","ping_status":"closed","sticky":false,"template":"","format":"standard","meta":{"ngg_post_thumbnail":0},"categories":[1,4,2,6,29],"tags":[],"_links":{"self":[{"href":"https:\/\/paroquiagloria.org\/v2\/index.php?rest_route=\/wp\/v2\/posts\/14745"}],"collection":[{"href":"https:\/\/paroquiagloria.org\/v2\/index.php?rest_route=\/wp\/v2\/posts"}],"about":[{"href":"https:\/\/paroquiagloria.org\/v2\/index.php?rest_route=\/wp\/v2\/types\/post"}],"author":[{"embeddable":true,"href":"https:\/\/paroquiagloria.org\/v2\/index.php?rest_route=\/wp\/v2\/users\/1"}],"replies":[{"embeddable":true,"href":"https:\/\/paroquiagloria.org\/v2\/index.php?rest_route=%2Fwp%2Fv2%2Fcomments&post=14745"}],"version-history":[{"count":1,"href":"https:\/\/paroquiagloria.org\/v2\/index.php?rest_route=\/wp\/v2\/posts\/14745\/revisions"}],"predecessor-version":[{"id":14746,"href":"https:\/\/paroquiagloria.org\/v2\/index.php?rest_route=\/wp\/v2\/posts\/14745\/revisions\/14746"}],"wp:featuredmedia":[{"embeddable":true,"href":"https:\/\/paroquiagloria.org\/v2\/index.php?rest_route=\/wp\/v2\/media\/11611"}],"wp:attachment":[{"href":"https:\/\/paroquiagloria.org\/v2\/index.php?rest_route=%2Fwp%2Fv2%2Fmedia&parent=14745"}],"wp:term":[{"taxonomy":"category","embeddable":true,"href":"https:\/\/paroquiagloria.org\/v2\/index.php?rest_route=%2Fwp%2Fv2%2Fcategories&post=14745"},{"taxonomy":"post_tag","embeddable":true,"href":"https:\/\/paroquiagloria.org\/v2\/index.php?rest_route=%2Fwp%2Fv2%2Ftags&post=14745"}],"curies":[{"name":"wp","href":"https:\/\/api.w.org\/{rel}","templated":true}]}}