{"id":13742,"date":"2025-04-26T17:39:30","date_gmt":"2025-04-26T17:39:30","guid":{"rendered":"http:\/\/paroquiagloria.org\/v2\/?p=13742"},"modified":"2025-04-26T17:39:32","modified_gmt":"2025-04-26T17:39:32","slug":"49-o-encontro-nacional-de-pastoral-liturgica","status":"publish","type":"post","link":"https:\/\/paroquiagloria.org\/v2\/?p=13742","title":{"rendered":"49.\u00ba Encontro Nacional de Pastoral Lit\u00fargica"},"content":{"rendered":"\n<div class=\"wp-block-image\"><figure class=\"aligncenter size-large\"><a href=\"http:\/\/paroquiagloria.org\/v2\/wp-content\/uploads\/2025\/04\/ENPL2025_16X9.jpg\"><img loading=\"lazy\" width=\"1024\" height=\"576\" src=\"http:\/\/paroquiagloria.org\/v2\/wp-content\/uploads\/2025\/04\/ENPL2025_16X9-1024x576.jpg\" alt=\"\" class=\"wp-image-13737\" srcset=\"https:\/\/paroquiagloria.org\/v2\/wp-content\/uploads\/2025\/04\/ENPL2025_16X9-1024x576.jpg 1024w, https:\/\/paroquiagloria.org\/v2\/wp-content\/uploads\/2025\/04\/ENPL2025_16X9-300x169.jpg 300w, https:\/\/paroquiagloria.org\/v2\/wp-content\/uploads\/2025\/04\/ENPL2025_16X9-768x432.jpg 768w, https:\/\/paroquiagloria.org\/v2\/wp-content\/uploads\/2025\/04\/ENPL2025_16X9.jpg 1080w\" sizes=\"(max-width: 1024px) 100vw, 1024px\" \/><\/a><\/figure><\/div>\n\n\n\n<p>A Comiss\u00e3o Episcopal de Liturgia e Espiritualidade e o seu Secretariado Nacional de Liturgia v\u00e3o realizar o 49.\u00ba Encontro Nacional de Pastoral Lit\u00fargica nos dias 28 a 31 de julho de 2025. Esta atividade destina-se a todas as pessoas interessadas na pastoral lit\u00fargica. Este \u00e9 um encontro anual de forma\u00e7\u00e3o e de boas pr\u00e1ticas lit\u00fargicas, que v\u00e3o abrindo caminhos novos na renova\u00e7\u00e3o da liturgia em Portugal.<br>A tem\u00e1tica de \u201cLiturgia \u2013 Encontro com Jesus Cristo\u201d \u00e9 um contributo ao Ano Jubilar em curso, como um tempo dedicado ao estudo e \u00e0 pr\u00e1tica da ora\u00e7\u00e3o, no desafio do Santo Padre: \u00abPossa ser, para todos, um momento de \u201cencontro vivo e pessoal com o Senhor Jesus\u201d\u00bb (Papa Francisco, <em>Spes non confundit<\/em>, 1). Ser\u00e3o aprofundados temas importantes por quem sabe do assunto. Mas este Encontro vai mais al\u00e9m: \u00abA vida crist\u00e3 \u00e9 um caminho, que precisa tamb\u00e9m de momentos fortes para nutrir e robustecer a esperan\u00e7a, insubstitu\u00edvel companheira que permite vislumbrar a meta: \u201co encontro com o Senhor Jesus\u201d\u00bb (<em>Spes non c<\/em>onfundit, 5).<br>O programa deste Encontro foi reduzido a tr\u00eas dias, com in\u00edcio na segunda-feira de tarde e encerramento na quinta-feira.<\/p>\n\n\n\n<p>Pode encontrar mais informa\u00e7\u00f5es em <a href=\"https:\/\/www.liturgia.pt\/enpl\/\" target=\"_blank\" rel=\"noreferrer noopener\">https:\/\/www.liturgia.pt\/enpl\/<\/a><\/p>\n","protected":false},"excerpt":{"rendered":"<p>A Comiss\u00e3o Episcopal de Liturgia e Espiritualidade e o seu Secretariado Nacional de Liturgia v\u00e3o realizar o 49.\u00ba Encontro Nacional de Pastoral Lit\u00fargica nos dias 28 a 31 de julho de 2025. Esta atividade destina-se a todas as pessoas interessadas na pastoral lit\u00fargica. Este \u00e9 um encontro anual de forma\u00e7\u00e3o e de boas pr\u00e1ticas lit\u00fargicas, [&hellip;]<\/p>\n","protected":false},"author":1,"featured_media":13734,"comment_status":"open","ping_status":"closed","sticky":false,"template":"","format":"standard","meta":{"ngg_post_thumbnail":0},"categories":[1,4,2,6,28],"tags":[],"_links":{"self":[{"href":"https:\/\/paroquiagloria.org\/v2\/index.php?rest_route=\/wp\/v2\/posts\/13742"}],"collection":[{"href":"https:\/\/paroquiagloria.org\/v2\/index.php?rest_route=\/wp\/v2\/posts"}],"about":[{"href":"https:\/\/paroquiagloria.org\/v2\/index.php?rest_route=\/wp\/v2\/types\/post"}],"author":[{"embeddable":true,"href":"https:\/\/paroquiagloria.org\/v2\/index.php?rest_route=\/wp\/v2\/users\/1"}],"replies":[{"embeddable":true,"href":"https:\/\/paroquiagloria.org\/v2\/index.php?rest_route=%2Fwp%2Fv2%2Fcomments&post=13742"}],"version-history":[{"count":1,"href":"https:\/\/paroquiagloria.org\/v2\/index.php?rest_route=\/wp\/v2\/posts\/13742\/revisions"}],"predecessor-version":[{"id":13743,"href":"https:\/\/paroquiagloria.org\/v2\/index.php?rest_route=\/wp\/v2\/posts\/13742\/revisions\/13743"}],"wp:featuredmedia":[{"embeddable":true,"href":"https:\/\/paroquiagloria.org\/v2\/index.php?rest_route=\/wp\/v2\/media\/13734"}],"wp:attachment":[{"href":"https:\/\/paroquiagloria.org\/v2\/index.php?rest_route=%2Fwp%2Fv2%2Fmedia&parent=13742"}],"wp:term":[{"taxonomy":"category","embeddable":true,"href":"https:\/\/paroquiagloria.org\/v2\/index.php?rest_route=%2Fwp%2Fv2%2Fcategories&post=13742"},{"taxonomy":"post_tag","embeddable":true,"href":"https:\/\/paroquiagloria.org\/v2\/index.php?rest_route=%2Fwp%2Fv2%2Ftags&post=13742"}],"curies":[{"name":"wp","href":"https:\/\/api.w.org\/{rel}","templated":true}]}}