{"id":9999,"date":"2022-01-01T12:19:24","date_gmt":"2022-01-01T12:19:24","guid":{"rendered":"http:\/\/paroquiagloria.org\/v2\/?p=9999"},"modified":"2022-01-01T12:19:26","modified_gmt":"2022-01-01T12:19:26","slug":"passemos-para-a-outra-margem-2","status":"publish","type":"post","link":"http:\/\/paroquiagloria.org\/v2\/?p=9999","title":{"rendered":"&#8220;Passemos para a outra margem !&#8221;"},"content":{"rendered":"\n<h2><em>(Mc 4, 31-41)<\/em><\/h2>\n\n\n\n<div class=\"wp-block-image\"><figure class=\"aligncenter size-large\"><a href=\"http:\/\/paroquiagloria.org\/v2\/wp-content\/uploads\/2021\/07\/catedralAv_obras.jpg\"><img loading=\"lazy\" width=\"581\" height=\"534\" src=\"http:\/\/paroquiagloria.org\/v2\/wp-content\/uploads\/2021\/07\/catedralAv_obras.jpg\" alt=\"\" class=\"wp-image-9612\" srcset=\"http:\/\/paroquiagloria.org\/v2\/wp-content\/uploads\/2021\/07\/catedralAv_obras.jpg 581w, http:\/\/paroquiagloria.org\/v2\/wp-content\/uploads\/2021\/07\/catedralAv_obras-300x276.jpg 300w\" sizes=\"(max-width: 581px) 100vw, 581px\" \/><\/a><\/figure><\/div>\n\n\n\n<p>\u00c9 o t\u00edtulo do Plano Pastoral da nossa Par\u00f3quia, que bem se adapta ao &#8220;virar de p\u00e1gina&#8221;, que \u00e9 sempre a passagem de ano.<br>2022 ser\u00e1 de &#8220;vida nova&#8221; para todos, se desde o princ\u00edpio o confiarmos a Santa Maria, M\u00e3e de Deus, solenemente invocada no primeiro dia de Janeiro. Melhor companhia, melhor mestra e melhor protectora n\u00e3o temos, se queremos responder ao desafio que o Papa Francisco faz, especialmente neste ano, a cada um e a toda a Igreja, com a palavra de ordem: &#8220;<em>Para uma Igreja sinodal: comunh\u00e3o, participa\u00e7\u00e3o e miss\u00e3o<\/em>&#8220;.<br>Aproveitaremos este tempo de prepara\u00e7\u00e3o do S\u00cdNODO como momento privilegiado de aprendizagem, para nos escutarmos uns aos outros, padres, religiosas e leigos, e todos, \u00e0 escuta do mesmo Esp\u00edrito, seremos uma Igreja Sinodal mais expressiva em terras de Aveiro.<br>Nada disto ser\u00e1 poss\u00edvel sem o trabalho em grupo, sem ora\u00e7\u00e3o e sem convers\u00e3o pessoal, familiar e estrutural. \u00c9 o pr\u00f3ximo desafio at\u00e9 fins de Mar\u00e7o.<\/p>\n\n\n\n<p><\/p>\n","protected":false},"excerpt":{"rendered":"<p>(Mc 4, 31-41) \u00c9 o t\u00edtulo do Plano Pastoral da nossa Par\u00f3quia, que bem se adapta ao &#8220;virar de p\u00e1gina&#8221;, que \u00e9 sempre a passagem de ano.2022 ser\u00e1 de &#8220;vida nova&#8221; para todos, se desde o princ\u00edpio o confiarmos a Santa Maria, M\u00e3e de Deus, solenemente invocada no primeiro dia de Janeiro. Melhor companhia, melhor [&hellip;]<\/p>\n","protected":false},"author":1,"featured_media":9613,"comment_status":"open","ping_status":"closed","sticky":false,"template":"","format":"standard","meta":{"ngg_post_thumbnail":0},"categories":[1,4,2,6,24],"tags":[],"_links":{"self":[{"href":"http:\/\/paroquiagloria.org\/v2\/index.php?rest_route=\/wp\/v2\/posts\/9999"}],"collection":[{"href":"http:\/\/paroquiagloria.org\/v2\/index.php?rest_route=\/wp\/v2\/posts"}],"about":[{"href":"http:\/\/paroquiagloria.org\/v2\/index.php?rest_route=\/wp\/v2\/types\/post"}],"author":[{"embeddable":true,"href":"http:\/\/paroquiagloria.org\/v2\/index.php?rest_route=\/wp\/v2\/users\/1"}],"replies":[{"embeddable":true,"href":"http:\/\/paroquiagloria.org\/v2\/index.php?rest_route=%2Fwp%2Fv2%2Fcomments&post=9999"}],"version-history":[{"count":1,"href":"http:\/\/paroquiagloria.org\/v2\/index.php?rest_route=\/wp\/v2\/posts\/9999\/revisions"}],"predecessor-version":[{"id":10000,"href":"http:\/\/paroquiagloria.org\/v2\/index.php?rest_route=\/wp\/v2\/posts\/9999\/revisions\/10000"}],"wp:featuredmedia":[{"embeddable":true,"href":"http:\/\/paroquiagloria.org\/v2\/index.php?rest_route=\/wp\/v2\/media\/9613"}],"wp:attachment":[{"href":"http:\/\/paroquiagloria.org\/v2\/index.php?rest_route=%2Fwp%2Fv2%2Fmedia&parent=9999"}],"wp:term":[{"taxonomy":"category","embeddable":true,"href":"http:\/\/paroquiagloria.org\/v2\/index.php?rest_route=%2Fwp%2Fv2%2Fcategories&post=9999"},{"taxonomy":"post_tag","embeddable":true,"href":"http:\/\/paroquiagloria.org\/v2\/index.php?rest_route=%2Fwp%2Fv2%2Ftags&post=9999"}],"curies":[{"name":"wp","href":"https:\/\/api.w.org\/{rel}","templated":true}]}}