{"id":9997,"date":"2022-01-01T12:16:51","date_gmt":"2022-01-01T12:16:51","guid":{"rendered":"http:\/\/paroquiagloria.org\/v2\/?p=9997"},"modified":"2022-01-01T12:16:52","modified_gmt":"2022-01-01T12:16:52","slug":"carta-do-papa-francisco-aos-esposos","status":"publish","type":"post","link":"http:\/\/paroquiagloria.org\/v2\/?p=9997","title":{"rendered":"Carta do Papa Francisco aos Esposos"},"content":{"rendered":"\n<div class=\"wp-block-image\"><figure class=\"aligncenter size-large\"><a href=\"http:\/\/paroquiagloria.org\/v2\/wp-content\/uploads\/2022\/01\/baner_MensagemPapaEsposos21.jpg\"><img loading=\"lazy\" width=\"960\" height=\"450\" src=\"http:\/\/paroquiagloria.org\/v2\/wp-content\/uploads\/2022\/01\/baner_MensagemPapaEsposos21.jpg\" alt=\"\" class=\"wp-image-9984\" srcset=\"http:\/\/paroquiagloria.org\/v2\/wp-content\/uploads\/2022\/01\/baner_MensagemPapaEsposos21.jpg 960w, http:\/\/paroquiagloria.org\/v2\/wp-content\/uploads\/2022\/01\/baner_MensagemPapaEsposos21-300x141.jpg 300w, http:\/\/paroquiagloria.org\/v2\/wp-content\/uploads\/2022\/01\/baner_MensagemPapaEsposos21-768x360.jpg 768w\" sizes=\"(max-width: 960px) 100vw, 960px\" \/><\/a><\/figure><\/div>\n\n\n\n<p>A prop\u00f3sito do Ano \u201c<em><strong>Fam\u00edlia Amoris Laetitia<\/strong><\/em>\u201d e no dia da Sagrada Fam\u00edlia, o Papa Francisco escreveu uma carta aos esposos em que afirma que \u201c(\u2026) sempre tive presente as fam\u00edlias nas minhas ora\u00e7\u00f5es, mas mais ainda durante a pandemia que colocou todos duramente \u00e0 prova, sobretudo os mais vulner\u00e1veis. O momento que estamos a atravessar leva-me a aproximar, com humildade, estima e compreens\u00e3o, de toda a pessoa, casal e fam\u00edlia na sua situa\u00e7\u00e3o concreta. (\u2026)\u201d<\/p>\n\n\n\n<p><br>Pode ler a carta completa no <a rel=\"noreferrer noopener\" href=\"https:\/\/www.vatican.va\/content\/francesco\/pt\/letters\/2021\/documents\/20211226-lettera-sposi-anno-famiglia-amorislaetitia.html\" data-type=\"URL\" data-id=\"https:\/\/www.vatican.va\/content\/francesco\/pt\/letters\/2021\/documents\/20211226-lettera-sposi-anno-famiglia-amorislaetitia.html\" target=\"_blank\">site do Vaticano<\/a>.<\/p>\n\n\n\n<div class=\"wp-block-image\"><figure class=\"aligncenter size-large\"><a href=\"http:\/\/paroquiagloria.org\/v2\/wp-content\/uploads\/2022\/01\/casamento-matrimonio-casal.jpg\"><img loading=\"lazy\" width=\"768\" height=\"432\" src=\"http:\/\/paroquiagloria.org\/v2\/wp-content\/uploads\/2022\/01\/casamento-matrimonio-casal.jpg\" alt=\"\" class=\"wp-image-9993\" srcset=\"http:\/\/paroquiagloria.org\/v2\/wp-content\/uploads\/2022\/01\/casamento-matrimonio-casal.jpg 768w, http:\/\/paroquiagloria.org\/v2\/wp-content\/uploads\/2022\/01\/casamento-matrimonio-casal-300x169.jpg 300w\" sizes=\"(max-width: 768px) 100vw, 768px\" \/><\/a><\/figure><\/div>\n","protected":false},"excerpt":{"rendered":"<p>A prop\u00f3sito do Ano \u201cFam\u00edlia Amoris Laetitia\u201d e no dia da Sagrada Fam\u00edlia, o Papa Francisco escreveu uma carta aos esposos em que afirma que \u201c(\u2026) sempre tive presente as fam\u00edlias nas minhas ora\u00e7\u00f5es, mas mais ainda durante a pandemia que colocou todos duramente \u00e0 prova, sobretudo os mais vulner\u00e1veis. O momento que estamos a [&hellip;]<\/p>\n","protected":false},"author":1,"featured_media":9984,"comment_status":"open","ping_status":"closed","sticky":false,"template":"","format":"standard","meta":{"ngg_post_thumbnail":0},"categories":[1,4,2,6,24],"tags":[],"_links":{"self":[{"href":"http:\/\/paroquiagloria.org\/v2\/index.php?rest_route=\/wp\/v2\/posts\/9997"}],"collection":[{"href":"http:\/\/paroquiagloria.org\/v2\/index.php?rest_route=\/wp\/v2\/posts"}],"about":[{"href":"http:\/\/paroquiagloria.org\/v2\/index.php?rest_route=\/wp\/v2\/types\/post"}],"author":[{"embeddable":true,"href":"http:\/\/paroquiagloria.org\/v2\/index.php?rest_route=\/wp\/v2\/users\/1"}],"replies":[{"embeddable":true,"href":"http:\/\/paroquiagloria.org\/v2\/index.php?rest_route=%2Fwp%2Fv2%2Fcomments&post=9997"}],"version-history":[{"count":1,"href":"http:\/\/paroquiagloria.org\/v2\/index.php?rest_route=\/wp\/v2\/posts\/9997\/revisions"}],"predecessor-version":[{"id":9998,"href":"http:\/\/paroquiagloria.org\/v2\/index.php?rest_route=\/wp\/v2\/posts\/9997\/revisions\/9998"}],"wp:featuredmedia":[{"embeddable":true,"href":"http:\/\/paroquiagloria.org\/v2\/index.php?rest_route=\/wp\/v2\/media\/9984"}],"wp:attachment":[{"href":"http:\/\/paroquiagloria.org\/v2\/index.php?rest_route=%2Fwp%2Fv2%2Fmedia&parent=9997"}],"wp:term":[{"taxonomy":"category","embeddable":true,"href":"http:\/\/paroquiagloria.org\/v2\/index.php?rest_route=%2Fwp%2Fv2%2Fcategories&post=9997"},{"taxonomy":"post_tag","embeddable":true,"href":"http:\/\/paroquiagloria.org\/v2\/index.php?rest_route=%2Fwp%2Fv2%2Ftags&post=9997"}],"curies":[{"name":"wp","href":"https:\/\/api.w.org\/{rel}","templated":true}]}}