{"id":9995,"date":"2022-01-01T12:15:06","date_gmt":"2022-01-01T12:15:06","guid":{"rendered":"http:\/\/paroquiagloria.org\/v2\/?p=9995"},"modified":"2022-01-01T12:15:07","modified_gmt":"2022-01-01T12:15:07","slug":"dia-mundial-da-paz-2022","status":"publish","type":"post","link":"http:\/\/paroquiagloria.org\/v2\/?p=9995","title":{"rendered":"Dia Mundial da Paz 2022"},"content":{"rendered":"\n<div class=\"wp-block-image\"><figure class=\"aligncenter size-large\"><a href=\"http:\/\/paroquiagloria.org\/v2\/wp-content\/uploads\/2022\/01\/diamundial-da-paz.jpg\"><img loading=\"lazy\" width=\"849\" height=\"581\" src=\"http:\/\/paroquiagloria.org\/v2\/wp-content\/uploads\/2022\/01\/diamundial-da-paz.jpg\" alt=\"\" class=\"wp-image-9988\" srcset=\"http:\/\/paroquiagloria.org\/v2\/wp-content\/uploads\/2022\/01\/diamundial-da-paz.jpg 849w, http:\/\/paroquiagloria.org\/v2\/wp-content\/uploads\/2022\/01\/diamundial-da-paz-300x205.jpg 300w, http:\/\/paroquiagloria.org\/v2\/wp-content\/uploads\/2022\/01\/diamundial-da-paz-768x526.jpg 768w\" sizes=\"(max-width: 849px) 100vw, 849px\" \/><\/a><\/figure><\/div>\n\n\n\n<p>\u201cDI\u00c1LOGO ENTRE GERA\u00c7\u00d5ES, EDUCA\u00c7\u00c3O E TRABALHO: INSTRUMEN-TOS PARA CONSTRUIR UMA PAZ DURADOURA\u201d<br>Para viver o Dia Mundial da Paz, o Santo Padre escreveu a Mensagem para este dia, assente no di\u00e1logo, na educa\u00e7\u00e3o e no trabalho como motores e meios de promo\u00e7\u00e3o da paz.<\/p>\n\n\n\n<p>leia a mensagem completa no <a href=\"https:\/\/www.vatican.va\/content\/francesco\/pt\/messages\/peace\/documents\/20211208-messaggio-55giornatamondiale-pace2022.html\" data-type=\"URL\" data-id=\"https:\/\/www.vatican.va\/content\/francesco\/pt\/messages\/peace\/documents\/20211208-messaggio-55giornatamondiale-pace2022.html\" target=\"_blank\" rel=\"noreferrer noopener\">site do Vaticano<\/a><\/p>\n","protected":false},"excerpt":{"rendered":"<p>\u201cDI\u00c1LOGO ENTRE GERA\u00c7\u00d5ES, EDUCA\u00c7\u00c3O E TRABALHO: INSTRUMEN-TOS PARA CONSTRUIR UMA PAZ DURADOURA\u201dPara viver o Dia Mundial da Paz, o Santo Padre escreveu a Mensagem para este dia, assente no di\u00e1logo, na educa\u00e7\u00e3o e no trabalho como motores e meios de promo\u00e7\u00e3o da paz. leia a mensagem completa no site do Vaticano<\/p>\n","protected":false},"author":1,"featured_media":9989,"comment_status":"open","ping_status":"closed","sticky":false,"template":"","format":"standard","meta":{"ngg_post_thumbnail":0},"categories":[1,4,2,6,24],"tags":[],"_links":{"self":[{"href":"http:\/\/paroquiagloria.org\/v2\/index.php?rest_route=\/wp\/v2\/posts\/9995"}],"collection":[{"href":"http:\/\/paroquiagloria.org\/v2\/index.php?rest_route=\/wp\/v2\/posts"}],"about":[{"href":"http:\/\/paroquiagloria.org\/v2\/index.php?rest_route=\/wp\/v2\/types\/post"}],"author":[{"embeddable":true,"href":"http:\/\/paroquiagloria.org\/v2\/index.php?rest_route=\/wp\/v2\/users\/1"}],"replies":[{"embeddable":true,"href":"http:\/\/paroquiagloria.org\/v2\/index.php?rest_route=%2Fwp%2Fv2%2Fcomments&post=9995"}],"version-history":[{"count":1,"href":"http:\/\/paroquiagloria.org\/v2\/index.php?rest_route=\/wp\/v2\/posts\/9995\/revisions"}],"predecessor-version":[{"id":9996,"href":"http:\/\/paroquiagloria.org\/v2\/index.php?rest_route=\/wp\/v2\/posts\/9995\/revisions\/9996"}],"wp:featuredmedia":[{"embeddable":true,"href":"http:\/\/paroquiagloria.org\/v2\/index.php?rest_route=\/wp\/v2\/media\/9989"}],"wp:attachment":[{"href":"http:\/\/paroquiagloria.org\/v2\/index.php?rest_route=%2Fwp%2Fv2%2Fmedia&parent=9995"}],"wp:term":[{"taxonomy":"category","embeddable":true,"href":"http:\/\/paroquiagloria.org\/v2\/index.php?rest_route=%2Fwp%2Fv2%2Fcategories&post=9995"},{"taxonomy":"post_tag","embeddable":true,"href":"http:\/\/paroquiagloria.org\/v2\/index.php?rest_route=%2Fwp%2Fv2%2Ftags&post=9995"}],"curies":[{"name":"wp","href":"https:\/\/api.w.org\/{rel}","templated":true}]}}