{"id":9974,"date":"2021-12-23T17:53:33","date_gmt":"2021-12-23T17:53:33","guid":{"rendered":"http:\/\/paroquiagloria.org\/v2\/?p=9974"},"modified":"2021-12-23T17:53:34","modified_gmt":"2021-12-23T17:53:34","slug":"caminhada-de-advento-natal-2021-3","status":"publish","type":"post","link":"http:\/\/paroquiagloria.org\/v2\/?p=9974","title":{"rendered":"Caminhada de Advento\/Natal 2021"},"content":{"rendered":"\n<h1>Sonhemos juntos o caminho!<\/h1>\n\n\n\n<div class=\"wp-block-image\"><figure class=\"aligncenter size-large\"><a href=\"http:\/\/paroquiagloria.org\/v2\/wp-content\/uploads\/2021\/11\/Aveiro_Caminhada-de-Advento.jpg\"><img loading=\"lazy\" width=\"1024\" height=\"727\" src=\"http:\/\/paroquiagloria.org\/v2\/wp-content\/uploads\/2021\/11\/Aveiro_Caminhada-de-Advento-1024x727.jpg\" alt=\"\" class=\"wp-image-9888\" srcset=\"http:\/\/paroquiagloria.org\/v2\/wp-content\/uploads\/2021\/11\/Aveiro_Caminhada-de-Advento-1024x727.jpg 1024w, http:\/\/paroquiagloria.org\/v2\/wp-content\/uploads\/2021\/11\/Aveiro_Caminhada-de-Advento-300x213.jpg 300w, http:\/\/paroquiagloria.org\/v2\/wp-content\/uploads\/2021\/11\/Aveiro_Caminhada-de-Advento-768x545.jpg 768w, http:\/\/paroquiagloria.org\/v2\/wp-content\/uploads\/2021\/11\/Aveiro_Caminhada-de-Advento.jpg 1027w\" sizes=\"(max-width: 1024px) 100vw, 1024px\" \/><\/a><\/figure><\/div>\n\n\n\n<h4>Natal do Senhor | 25 dezembro | E viram a Salva\u00e7\u00e3o\u2026 Jesus<\/h4>\n\n\n\n<p><span style=\"text-decoration: underline;\">Desafio<\/span>:<\/p>\n\n\n\n<ul><li>Fazer uma ora\u00e7\u00e3o em fam\u00edlia na noite ou no almo\u00e7o de Natal.<\/li><\/ul>\n\n\n\n<h4>Sagrada Fam\u00edlia de Jesus, Maria e Jos\u00e9 | 26 dezembro | E encontraram-no!<\/h4>\n\n\n\n<p><span style=\"text-decoration: underline;\">Desafio<\/span>:<\/p>\n\n\n\n<ul><li>Revejo a lista que elaborei no in\u00edcio de Advento e sublinho o que cumpri.<\/li><\/ul>\n\n\n\n<p><\/p>\n\n\n\n<figure class=\"wp-block-pullquote\"><blockquote><p><strong>Ora\u00e7\u00e3o para rezar em fam\u00edlia<\/strong><\/p><p>Deus feito Menino,<br>faz desta Casa o Pres\u00e9pio de Bel\u00e9m,<br>Casa do P\u00e3o, da Paz e do Perd\u00e3o,<br>onde cada um se aproxima e se det\u00e9m,<br>para que n\u00e3o falte a alegria do Natal,<br>no cora\u00e7\u00e3o pequenino de mais ningu\u00e9m.<br>Aben\u00e7oa-nos, Senhor, a n\u00f3s, \u00e0 nossa comida e \u00e0 nossa companhia.<br>Aben\u00e7oa, Senhor, aqueles que amamos e que n\u00e3o est\u00e3o aqui connosco.<br>\u00c1men.<\/p><p>Pai Nosso\u2026<\/p><\/blockquote><\/figure>\n","protected":false},"excerpt":{"rendered":"<p>Sonhemos juntos o caminho! Natal do Senhor | 25 dezembro | E viram a Salva\u00e7\u00e3o\u2026 Jesus Desafio: Fazer uma ora\u00e7\u00e3o em fam\u00edlia na noite ou no almo\u00e7o de Natal. Sagrada Fam\u00edlia de Jesus, Maria e Jos\u00e9 | 26 dezembro | E encontraram-no! Desafio: Revejo a lista que elaborei no in\u00edcio de Advento e sublinho o [&hellip;]<\/p>\n","protected":false},"author":1,"featured_media":9888,"comment_status":"open","ping_status":"closed","sticky":false,"template":"","format":"standard","meta":{"ngg_post_thumbnail":0},"categories":[1,4,2,6,24],"tags":[],"_links":{"self":[{"href":"http:\/\/paroquiagloria.org\/v2\/index.php?rest_route=\/wp\/v2\/posts\/9974"}],"collection":[{"href":"http:\/\/paroquiagloria.org\/v2\/index.php?rest_route=\/wp\/v2\/posts"}],"about":[{"href":"http:\/\/paroquiagloria.org\/v2\/index.php?rest_route=\/wp\/v2\/types\/post"}],"author":[{"embeddable":true,"href":"http:\/\/paroquiagloria.org\/v2\/index.php?rest_route=\/wp\/v2\/users\/1"}],"replies":[{"embeddable":true,"href":"http:\/\/paroquiagloria.org\/v2\/index.php?rest_route=%2Fwp%2Fv2%2Fcomments&post=9974"}],"version-history":[{"count":1,"href":"http:\/\/paroquiagloria.org\/v2\/index.php?rest_route=\/wp\/v2\/posts\/9974\/revisions"}],"predecessor-version":[{"id":9975,"href":"http:\/\/paroquiagloria.org\/v2\/index.php?rest_route=\/wp\/v2\/posts\/9974\/revisions\/9975"}],"wp:featuredmedia":[{"embeddable":true,"href":"http:\/\/paroquiagloria.org\/v2\/index.php?rest_route=\/wp\/v2\/media\/9888"}],"wp:attachment":[{"href":"http:\/\/paroquiagloria.org\/v2\/index.php?rest_route=%2Fwp%2Fv2%2Fmedia&parent=9974"}],"wp:term":[{"taxonomy":"category","embeddable":true,"href":"http:\/\/paroquiagloria.org\/v2\/index.php?rest_route=%2Fwp%2Fv2%2Fcategories&post=9974"},{"taxonomy":"post_tag","embeddable":true,"href":"http:\/\/paroquiagloria.org\/v2\/index.php?rest_route=%2Fwp%2Fv2%2Ftags&post=9974"}],"curies":[{"name":"wp","href":"https:\/\/api.w.org\/{rel}","templated":true}]}}