{"id":9966,"date":"2021-12-18T19:55:02","date_gmt":"2021-12-18T19:55:02","guid":{"rendered":"http:\/\/paroquiagloria.org\/v2\/?p=9966"},"modified":"2021-12-18T19:55:04","modified_gmt":"2021-12-18T19:55:04","slug":"simbolos-do-natal","status":"publish","type":"post","link":"http:\/\/paroquiagloria.org\/v2\/?p=9966","title":{"rendered":"S\u00edmbolos do Natal"},"content":{"rendered":"\n<h2><a href=\"https:\/\/twitter.com\/Pontifex_pt\"><\/a><a href=\"https:\/\/twitter.com\/Pontifex_pt\">Papa Francisco@Pontifex_pt<\/a><\/h2>\n\n\n\n<p>Os s\u00edmbolos do <a href=\"https:\/\/twitter.com\/hashtag\/Natal?src=hashtag_click\">#Natal<\/a>, especialmente o pres\u00e9pio e a \u00e1rvore decorada, reconduzem-nos \u00e0 certeza que enche os nossos cora\u00e7\u00f5es de paz, \u00e0 alegria da Encarna\u00e7\u00e3o, a Deus que se torna familiar: Ele vive connosco, d\u00e1 um ritmo de esperan\u00e7a aos nossos dias.<\/p>\n\n\n\n<p>&#8212;&#8212;&#8212;&#8211;<\/p>\n\n\n\n<div class=\"wp-block-image\"><figure class=\"aligncenter size-large\"><a href=\"http:\/\/paroquiagloria.org\/v2\/wp-content\/uploads\/2021\/12\/tweet_16dez2021.jpg\"><img loading=\"lazy\" width=\"846\" height=\"396\" src=\"http:\/\/paroquiagloria.org\/v2\/wp-content\/uploads\/2021\/12\/tweet_16dez2021.jpg\" alt=\"\" class=\"wp-image-9952\" srcset=\"http:\/\/paroquiagloria.org\/v2\/wp-content\/uploads\/2021\/12\/tweet_16dez2021.jpg 846w, http:\/\/paroquiagloria.org\/v2\/wp-content\/uploads\/2021\/12\/tweet_16dez2021-300x140.jpg 300w, http:\/\/paroquiagloria.org\/v2\/wp-content\/uploads\/2021\/12\/tweet_16dez2021-768x359.jpg 768w\" sizes=\"(max-width: 846px) 100vw, 846px\" \/><\/a><\/figure><\/div>\n\n\n\n<div class=\"wp-block-image\"><figure class=\"aligncenter size-large\"><a href=\"http:\/\/paroquiagloria.org\/v2\/wp-content\/uploads\/2021\/12\/Imagens-presepio.jpg\"><img loading=\"lazy\" width=\"720\" height=\"719\" src=\"http:\/\/paroquiagloria.org\/v2\/wp-content\/uploads\/2021\/12\/Imagens-presepio.jpg\" alt=\"\" class=\"wp-image-9955\" srcset=\"http:\/\/paroquiagloria.org\/v2\/wp-content\/uploads\/2021\/12\/Imagens-presepio.jpg 720w, http:\/\/paroquiagloria.org\/v2\/wp-content\/uploads\/2021\/12\/Imagens-presepio-300x300.jpg 300w, http:\/\/paroquiagloria.org\/v2\/wp-content\/uploads\/2021\/12\/Imagens-presepio-150x150.jpg 150w, http:\/\/paroquiagloria.org\/v2\/wp-content\/uploads\/2021\/12\/Imagens-presepio-185x185.jpg 185w, http:\/\/paroquiagloria.org\/v2\/wp-content\/uploads\/2021\/12\/Imagens-presepio-184x184.jpg 184w\" sizes=\"(max-width: 720px) 100vw, 720px\" \/><\/a><\/figure><\/div>\n","protected":false},"excerpt":{"rendered":"<p>Papa Francisco@Pontifex_pt Os s\u00edmbolos do #Natal, especialmente o pres\u00e9pio e a \u00e1rvore decorada, reconduzem-nos \u00e0 certeza que enche os nossos cora\u00e7\u00f5es de paz, \u00e0 alegria da Encarna\u00e7\u00e3o, a Deus que se torna familiar: Ele vive connosco, d\u00e1 um ritmo de esperan\u00e7a aos nossos dias. &#8212;&#8212;&#8212;&#8211;<\/p>\n","protected":false},"author":1,"featured_media":9953,"comment_status":"open","ping_status":"closed","sticky":false,"template":"","format":"standard","meta":{"ngg_post_thumbnail":0},"categories":[1,4,2,6],"tags":[],"_links":{"self":[{"href":"http:\/\/paroquiagloria.org\/v2\/index.php?rest_route=\/wp\/v2\/posts\/9966"}],"collection":[{"href":"http:\/\/paroquiagloria.org\/v2\/index.php?rest_route=\/wp\/v2\/posts"}],"about":[{"href":"http:\/\/paroquiagloria.org\/v2\/index.php?rest_route=\/wp\/v2\/types\/post"}],"author":[{"embeddable":true,"href":"http:\/\/paroquiagloria.org\/v2\/index.php?rest_route=\/wp\/v2\/users\/1"}],"replies":[{"embeddable":true,"href":"http:\/\/paroquiagloria.org\/v2\/index.php?rest_route=%2Fwp%2Fv2%2Fcomments&post=9966"}],"version-history":[{"count":1,"href":"http:\/\/paroquiagloria.org\/v2\/index.php?rest_route=\/wp\/v2\/posts\/9966\/revisions"}],"predecessor-version":[{"id":9967,"href":"http:\/\/paroquiagloria.org\/v2\/index.php?rest_route=\/wp\/v2\/posts\/9966\/revisions\/9967"}],"wp:featuredmedia":[{"embeddable":true,"href":"http:\/\/paroquiagloria.org\/v2\/index.php?rest_route=\/wp\/v2\/media\/9953"}],"wp:attachment":[{"href":"http:\/\/paroquiagloria.org\/v2\/index.php?rest_route=%2Fwp%2Fv2%2Fmedia&parent=9966"}],"wp:term":[{"taxonomy":"category","embeddable":true,"href":"http:\/\/paroquiagloria.org\/v2\/index.php?rest_route=%2Fwp%2Fv2%2Fcategories&post=9966"},{"taxonomy":"post_tag","embeddable":true,"href":"http:\/\/paroquiagloria.org\/v2\/index.php?rest_route=%2Fwp%2Fv2%2Ftags&post=9966"}],"curies":[{"name":"wp","href":"https:\/\/api.w.org\/{rel}","templated":true}]}}