{"id":9961,"date":"2021-12-18T19:49:19","date_gmt":"2021-12-18T19:49:19","guid":{"rendered":"http:\/\/paroquiagloria.org\/v2\/?p=9961"},"modified":"2021-12-18T19:49:21","modified_gmt":"2021-12-18T19:49:21","slug":"voluntariado-missionario-da-diocese-de-aveiro-2","status":"publish","type":"post","link":"http:\/\/paroquiagloria.org\/v2\/?p=9961","title":{"rendered":"Voluntariado Mission\u00e1rio da Diocese de Aveiro"},"content":{"rendered":"\n<div class=\"wp-block-image\"><figure class=\"aligncenter size-large\"><a href=\"http:\/\/paroquiagloria.org\/v2\/wp-content\/uploads\/2021\/12\/SDAM_missao.jpg\"><img loading=\"lazy\" width=\"960\" height=\"540\" src=\"http:\/\/paroquiagloria.org\/v2\/wp-content\/uploads\/2021\/12\/SDAM_missao.jpg\" alt=\"\" class=\"wp-image-9938\" srcset=\"http:\/\/paroquiagloria.org\/v2\/wp-content\/uploads\/2021\/12\/SDAM_missao.jpg 960w, http:\/\/paroquiagloria.org\/v2\/wp-content\/uploads\/2021\/12\/SDAM_missao-300x169.jpg 300w, http:\/\/paroquiagloria.org\/v2\/wp-content\/uploads\/2021\/12\/SDAM_missao-768x432.jpg 768w\" sizes=\"(max-width: 960px) 100vw, 960px\" \/><\/a><\/figure><\/div>\n\n\n\n<p>Ao longo deste ano est\u00e1 um grupo de jovens da nossa par\u00f3quia a participar na forma\u00e7\u00e3o do voluntariado mission\u00e1rio. Os volunt\u00e1rios prop\u00f5em-se a uma experi\u00eancia de trabalho volunt\u00e1rio mission\u00e1rio de um a tr\u00eas meses em outros pa\u00edses, quer na \u00e1rea da educa\u00e7\u00e3o, da sa\u00fade e da cultura, quer na \u00e1rea de evangeliza\u00e7\u00e3o e promo\u00e7\u00e3o dos direitos humanos, a que chamamos miss\u00f5es <em>ad gentes<\/em>.<br>Este fim de semana estar\u00e3o depois das Eucaristias \u00e0 entrada da igreja com sugest\u00f5es para presentes de Natal.<\/p>\n","protected":false},"excerpt":{"rendered":"<p>Ao longo deste ano est\u00e1 um grupo de jovens da nossa par\u00f3quia a participar na forma\u00e7\u00e3o do voluntariado mission\u00e1rio. Os volunt\u00e1rios prop\u00f5em-se a uma experi\u00eancia de trabalho volunt\u00e1rio mission\u00e1rio de um a tr\u00eas meses em outros pa\u00edses, quer na \u00e1rea da educa\u00e7\u00e3o, da sa\u00fade e da cultura, quer na \u00e1rea de evangeliza\u00e7\u00e3o e promo\u00e7\u00e3o dos [&hellip;]<\/p>\n","protected":false},"author":1,"featured_media":9938,"comment_status":"open","ping_status":"closed","sticky":false,"template":"","format":"standard","meta":{"ngg_post_thumbnail":0},"categories":[1,4,2,6],"tags":[],"_links":{"self":[{"href":"http:\/\/paroquiagloria.org\/v2\/index.php?rest_route=\/wp\/v2\/posts\/9961"}],"collection":[{"href":"http:\/\/paroquiagloria.org\/v2\/index.php?rest_route=\/wp\/v2\/posts"}],"about":[{"href":"http:\/\/paroquiagloria.org\/v2\/index.php?rest_route=\/wp\/v2\/types\/post"}],"author":[{"embeddable":true,"href":"http:\/\/paroquiagloria.org\/v2\/index.php?rest_route=\/wp\/v2\/users\/1"}],"replies":[{"embeddable":true,"href":"http:\/\/paroquiagloria.org\/v2\/index.php?rest_route=%2Fwp%2Fv2%2Fcomments&post=9961"}],"version-history":[{"count":1,"href":"http:\/\/paroquiagloria.org\/v2\/index.php?rest_route=\/wp\/v2\/posts\/9961\/revisions"}],"predecessor-version":[{"id":9962,"href":"http:\/\/paroquiagloria.org\/v2\/index.php?rest_route=\/wp\/v2\/posts\/9961\/revisions\/9962"}],"wp:featuredmedia":[{"embeddable":true,"href":"http:\/\/paroquiagloria.org\/v2\/index.php?rest_route=\/wp\/v2\/media\/9938"}],"wp:attachment":[{"href":"http:\/\/paroquiagloria.org\/v2\/index.php?rest_route=%2Fwp%2Fv2%2Fmedia&parent=9961"}],"wp:term":[{"taxonomy":"category","embeddable":true,"href":"http:\/\/paroquiagloria.org\/v2\/index.php?rest_route=%2Fwp%2Fv2%2Fcategories&post=9961"},{"taxonomy":"post_tag","embeddable":true,"href":"http:\/\/paroquiagloria.org\/v2\/index.php?rest_route=%2Fwp%2Fv2%2Ftags&post=9961"}],"curies":[{"name":"wp","href":"https:\/\/api.w.org\/{rel}","templated":true}]}}