{"id":9945,"date":"2021-12-11T21:10:32","date_gmt":"2021-12-11T21:10:32","guid":{"rendered":"http:\/\/paroquiagloria.org\/v2\/?p=9945"},"modified":"2021-12-11T21:18:07","modified_gmt":"2021-12-11T21:18:07","slug":"padre-joao-goncalves-memorias-biograficas-1944-2020","status":"publish","type":"post","link":"http:\/\/paroquiagloria.org\/v2\/?p=9945","title":{"rendered":"\u201cPadre Jo\u00e3o Gon\u00e7alves \u2013 Mem\u00f3rias Biogr\u00e1ficas: 1944-2020\u201d"},"content":{"rendered":"\n<div class=\"wp-block-image\"><figure class=\"aligncenter size-large\"><a href=\"http:\/\/paroquiagloria.org\/v2\/wp-content\/uploads\/2021\/12\/peJoaoGoncalves_cartaz.jpg\"><img loading=\"lazy\" width=\"725\" height=\"1024\" src=\"http:\/\/paroquiagloria.org\/v2\/wp-content\/uploads\/2021\/12\/peJoaoGoncalves_cartaz.jpg\" alt=\"\" class=\"wp-image-9936\" srcset=\"http:\/\/paroquiagloria.org\/v2\/wp-content\/uploads\/2021\/12\/peJoaoGoncalves_cartaz.jpg 725w, http:\/\/paroquiagloria.org\/v2\/wp-content\/uploads\/2021\/12\/peJoaoGoncalves_cartaz-212x300.jpg 212w\" sizes=\"(max-width: 725px) 100vw, 725px\" \/><\/a><\/figure><\/div>\n\n\n\n<p>O novo livro \u201cPadre Jo\u00e3o Gon\u00e7alves \u2013 Mem\u00f3rias Biogr\u00e1ficas: 1944-2020\u201d vai ser apresentado no pr\u00f3ximo dia 21 de dezembro, pelas 21h00, no Semin\u00e1rio Santa Joana Princesa, em Aveiro, e re\u00fane 44 testemunhos de amigos do sacerdote falecido.<br>A obra, com coordena\u00e7\u00e3o do di\u00e1cono permanente Jos\u00e9 Carlos Costa, Assistente Espiritual Hospitalar (CHBV) e prisional (EP de Aveiro) e editada pelo \u201cTempo Novo \u2013 Diocese de Aveiro\u201d, re\u00fane 44 hist\u00f3rias de \u201cautores participantes\u201d, que \u201cpartilham um encontro\/ uma hist\u00f3ria\/ uma marca no seu percurso em que se cruzaram com o padre Jo\u00e3o Gon\u00e7alves\u201d, sacerdote da diocese de Aveiro, falecido a 08 de dezembro de 2020.<br>A apresenta\u00e7\u00e3o \u00e9 aberta ao p\u00fablico mas sujeita a marca\u00e7\u00e3o de lugar at\u00e9 ao pr\u00f3ximo dia 17 de dezembro, atrav\u00e9s dos seguintes contactos: albfs1@gmail.com ou 962773600; vai contar ainda com transmiss\u00e3o em direto em www.diocese-aveiro.pt.<\/p>\n\n\n\n<p class=\"has-text-align-right\"><em>fonte: Ag\u00eancia Ecclesia<\/em><\/p>\n\n\n\n<p><a href=\"http:\/\/www.diocese-aveiro.pt\/v2\/?p=21685\" data-type=\"URL\" data-id=\"http:\/\/www.diocese-aveiro.pt\/v2\/?p=21685\" target=\"_blank\" rel=\"noreferrer noopener\">MAIS INFORMA\u00c7\u00d5ES AQUI<\/a><\/p>\n\n\n\n<p><\/p>\n","protected":false},"excerpt":{"rendered":"<p>O novo livro \u201cPadre Jo\u00e3o Gon\u00e7alves \u2013 Mem\u00f3rias Biogr\u00e1ficas: 1944-2020\u201d vai ser apresentado no pr\u00f3ximo dia 21 de dezembro, pelas 21h00, no Semin\u00e1rio Santa Joana Princesa, em Aveiro, e re\u00fane 44 testemunhos de amigos do sacerdote falecido.A obra, com coordena\u00e7\u00e3o do di\u00e1cono permanente Jos\u00e9 Carlos Costa, Assistente Espiritual Hospitalar (CHBV) e prisional (EP de Aveiro) [&hellip;]<\/p>\n","protected":false},"author":1,"featured_media":9937,"comment_status":"open","ping_status":"closed","sticky":false,"template":"","format":"standard","meta":{"ngg_post_thumbnail":0},"categories":[1,4,2,6],"tags":[],"_links":{"self":[{"href":"http:\/\/paroquiagloria.org\/v2\/index.php?rest_route=\/wp\/v2\/posts\/9945"}],"collection":[{"href":"http:\/\/paroquiagloria.org\/v2\/index.php?rest_route=\/wp\/v2\/posts"}],"about":[{"href":"http:\/\/paroquiagloria.org\/v2\/index.php?rest_route=\/wp\/v2\/types\/post"}],"author":[{"embeddable":true,"href":"http:\/\/paroquiagloria.org\/v2\/index.php?rest_route=\/wp\/v2\/users\/1"}],"replies":[{"embeddable":true,"href":"http:\/\/paroquiagloria.org\/v2\/index.php?rest_route=%2Fwp%2Fv2%2Fcomments&post=9945"}],"version-history":[{"count":2,"href":"http:\/\/paroquiagloria.org\/v2\/index.php?rest_route=\/wp\/v2\/posts\/9945\/revisions"}],"predecessor-version":[{"id":9951,"href":"http:\/\/paroquiagloria.org\/v2\/index.php?rest_route=\/wp\/v2\/posts\/9945\/revisions\/9951"}],"wp:featuredmedia":[{"embeddable":true,"href":"http:\/\/paroquiagloria.org\/v2\/index.php?rest_route=\/wp\/v2\/media\/9937"}],"wp:attachment":[{"href":"http:\/\/paroquiagloria.org\/v2\/index.php?rest_route=%2Fwp%2Fv2%2Fmedia&parent=9945"}],"wp:term":[{"taxonomy":"category","embeddable":true,"href":"http:\/\/paroquiagloria.org\/v2\/index.php?rest_route=%2Fwp%2Fv2%2Fcategories&post=9945"},{"taxonomy":"post_tag","embeddable":true,"href":"http:\/\/paroquiagloria.org\/v2\/index.php?rest_route=%2Fwp%2Fv2%2Ftags&post=9945"}],"curies":[{"name":"wp","href":"https:\/\/api.w.org\/{rel}","templated":true}]}}