{"id":9925,"date":"2021-12-04T20:41:34","date_gmt":"2021-12-04T20:41:34","guid":{"rendered":"http:\/\/paroquiagloria.org\/v2\/?p=9925"},"modified":"2021-12-04T20:49:12","modified_gmt":"2021-12-04T20:49:12","slug":"arvore-da-partilha-3","status":"publish","type":"post","link":"http:\/\/paroquiagloria.org\/v2\/?p=9925","title":{"rendered":"\u00c1rvore da Partilha"},"content":{"rendered":"\n<div class=\"wp-block-image\"><figure class=\"aligncenter size-large\"><a href=\"http:\/\/paroquiagloria.org\/v2\/wp-content\/uploads\/2013\/02\/banner_arvorepartilha2020.jpg\"><img loading=\"lazy\" width=\"960\" height=\"450\" src=\"http:\/\/paroquiagloria.org\/v2\/wp-content\/uploads\/2013\/02\/banner_arvorepartilha2020.jpg\" alt=\"\" class=\"wp-image-8990\" srcset=\"http:\/\/paroquiagloria.org\/v2\/wp-content\/uploads\/2013\/02\/banner_arvorepartilha2020.jpg 960w, http:\/\/paroquiagloria.org\/v2\/wp-content\/uploads\/2013\/02\/banner_arvorepartilha2020-300x141.jpg 300w\" sizes=\"(max-width: 960px) 100vw, 960px\" \/><\/a><\/figure><\/div>\n\n\n\n<p>Durante o tempo de Advento, esta-r\u00e1 na nossa Igreja, a \u201c\u00c1rvore do Natal Solid\u00e1ria\u201d, na Capela do Sagrado Cora\u00e7\u00e3o de Jesus.<br>\u00c9 j\u00e1 um h\u00e1bito, de longos anos, desta quadra e \u00e9 uma maneira de lembrar que o tempo chama \u00e0 partilha com os mais necessitados, apoiados pela Confer\u00eancia Vicentina da Par\u00f3quia da Gl\u00f3ria.<br>Leve um cora\u00e7\u00e3o com a indica\u00e7\u00e3o do bem alimentar e depois deixe o alimento junto da \u00e1rvore.<br>Se quiser apoiar as Confer\u00eancias Vicentinas com sede na nossa Par\u00f3quia atrav\u00e9s de transfer\u00eancia banc\u00e1ria, pode faz\u00ea-lo para:<\/p>\n\n\n\n<p><strong>Nossa Senhora da Gl\u00f3ria &#8211; <\/strong>IBAN: PT50 0018 0008 0333 2615 0200 9<\/p>\n\n\n\n<p><strong>Nossa Senhora da Vict\u00f3ria (Vilar) &#8211;<\/strong> IBAN: PT50 0036 0342 9910 0009 7586 0 <\/p>\n\n\n\n<p><\/p>\n\n\n\n<p><strong>Obrigado !<\/strong><\/p>\n","protected":false},"excerpt":{"rendered":"<p>Durante o tempo de Advento, esta-r\u00e1 na nossa Igreja, a \u201c\u00c1rvore do Natal Solid\u00e1ria\u201d, na Capela do Sagrado Cora\u00e7\u00e3o de Jesus.\u00c9 j\u00e1 um h\u00e1bito, de longos anos, desta quadra e \u00e9 uma maneira de lembrar que o tempo chama \u00e0 partilha com os mais necessitados, apoiados pela Confer\u00eancia Vicentina da Par\u00f3quia da Gl\u00f3ria.Leve um cora\u00e7\u00e3o [&hellip;]<\/p>\n","protected":false},"author":1,"featured_media":8990,"comment_status":"open","ping_status":"closed","sticky":false,"template":"","format":"standard","meta":{"ngg_post_thumbnail":0},"categories":[1,4,2,6,24],"tags":[],"_links":{"self":[{"href":"http:\/\/paroquiagloria.org\/v2\/index.php?rest_route=\/wp\/v2\/posts\/9925"}],"collection":[{"href":"http:\/\/paroquiagloria.org\/v2\/index.php?rest_route=\/wp\/v2\/posts"}],"about":[{"href":"http:\/\/paroquiagloria.org\/v2\/index.php?rest_route=\/wp\/v2\/types\/post"}],"author":[{"embeddable":true,"href":"http:\/\/paroquiagloria.org\/v2\/index.php?rest_route=\/wp\/v2\/users\/1"}],"replies":[{"embeddable":true,"href":"http:\/\/paroquiagloria.org\/v2\/index.php?rest_route=%2Fwp%2Fv2%2Fcomments&post=9925"}],"version-history":[{"count":2,"href":"http:\/\/paroquiagloria.org\/v2\/index.php?rest_route=\/wp\/v2\/posts\/9925\/revisions"}],"predecessor-version":[{"id":9929,"href":"http:\/\/paroquiagloria.org\/v2\/index.php?rest_route=\/wp\/v2\/posts\/9925\/revisions\/9929"}],"wp:featuredmedia":[{"embeddable":true,"href":"http:\/\/paroquiagloria.org\/v2\/index.php?rest_route=\/wp\/v2\/media\/8990"}],"wp:attachment":[{"href":"http:\/\/paroquiagloria.org\/v2\/index.php?rest_route=%2Fwp%2Fv2%2Fmedia&parent=9925"}],"wp:term":[{"taxonomy":"category","embeddable":true,"href":"http:\/\/paroquiagloria.org\/v2\/index.php?rest_route=%2Fwp%2Fv2%2Fcategories&post=9925"},{"taxonomy":"post_tag","embeddable":true,"href":"http:\/\/paroquiagloria.org\/v2\/index.php?rest_route=%2Fwp%2Fv2%2Ftags&post=9925"}],"curies":[{"name":"wp","href":"https:\/\/api.w.org\/{rel}","templated":true}]}}