{"id":9920,"date":"2021-12-04T20:32:45","date_gmt":"2021-12-04T20:32:45","guid":{"rendered":"http:\/\/paroquiagloria.org\/v2\/?p=9920"},"modified":"2021-12-04T20:32:46","modified_gmt":"2021-12-04T20:32:46","slug":"caminhada-de-advento-natal-2021","status":"publish","type":"post","link":"http:\/\/paroquiagloria.org\/v2\/?p=9920","title":{"rendered":"Caminhada de Advento\/Natal 2021"},"content":{"rendered":"\n<p><br><strong>Sonhemos juntos o caminho!<\/strong><\/p>\n\n\n\n<div class=\"wp-block-image\"><figure class=\"aligncenter size-large\"><a href=\"http:\/\/paroquiagloria.org\/v2\/wp-content\/uploads\/2021\/11\/Aveiro_Caminhada-de-Advento.jpg\"><img loading=\"lazy\" width=\"1024\" height=\"727\" src=\"http:\/\/paroquiagloria.org\/v2\/wp-content\/uploads\/2021\/11\/Aveiro_Caminhada-de-Advento-1024x727.jpg\" alt=\"\" class=\"wp-image-9888\" srcset=\"http:\/\/paroquiagloria.org\/v2\/wp-content\/uploads\/2021\/11\/Aveiro_Caminhada-de-Advento-1024x727.jpg 1024w, http:\/\/paroquiagloria.org\/v2\/wp-content\/uploads\/2021\/11\/Aveiro_Caminhada-de-Advento-300x213.jpg 300w, http:\/\/paroquiagloria.org\/v2\/wp-content\/uploads\/2021\/11\/Aveiro_Caminhada-de-Advento-768x545.jpg 768w, http:\/\/paroquiagloria.org\/v2\/wp-content\/uploads\/2021\/11\/Aveiro_Caminhada-de-Advento.jpg 1027w\" sizes=\"(max-width: 1024px) 100vw, 1024px\" \/><\/a><\/figure><\/div>\n\n\n\n<p class=\"has-text-align-center\"><strong>2\u00ba Domingo do Advento | 5 dezembro | Preparai o caminho, todos!<\/strong><\/p>\n\n\n\n<p><strong><span style=\"text-decoration: underline;\">Desafio para as crian\u00e7as<\/span>:<\/strong><br>Pedir desculpa a algu\u00e9m pelas coisas menos boas.<\/p>\n\n\n\n<p><strong><span style=\"text-decoration: underline;\">Adolescentes<\/span>:<\/strong><br>Construir uma not\u00edcia que possa ser partilhada nas redes sociais da par\u00f3quia ou para afixar no Centro Paroquial. Na ora\u00e7\u00e3o incluir inten\u00e7\u00f5es pelas pessoas com defici\u00eancia.<\/p>\n","protected":false},"excerpt":{"rendered":"<p>Sonhemos juntos o caminho! 2\u00ba Domingo do Advento | 5 dezembro | Preparai o caminho, todos! Desafio para as crian\u00e7as:Pedir desculpa a algu\u00e9m pelas coisas menos boas. Adolescentes:Construir uma not\u00edcia que possa ser partilhada nas redes sociais da par\u00f3quia ou para afixar no Centro Paroquial. Na ora\u00e7\u00e3o incluir inten\u00e7\u00f5es pelas pessoas com defici\u00eancia.<\/p>\n","protected":false},"author":1,"featured_media":9888,"comment_status":"open","ping_status":"closed","sticky":false,"template":"","format":"standard","meta":{"ngg_post_thumbnail":0},"categories":[1,4,2,6,24],"tags":[],"_links":{"self":[{"href":"http:\/\/paroquiagloria.org\/v2\/index.php?rest_route=\/wp\/v2\/posts\/9920"}],"collection":[{"href":"http:\/\/paroquiagloria.org\/v2\/index.php?rest_route=\/wp\/v2\/posts"}],"about":[{"href":"http:\/\/paroquiagloria.org\/v2\/index.php?rest_route=\/wp\/v2\/types\/post"}],"author":[{"embeddable":true,"href":"http:\/\/paroquiagloria.org\/v2\/index.php?rest_route=\/wp\/v2\/users\/1"}],"replies":[{"embeddable":true,"href":"http:\/\/paroquiagloria.org\/v2\/index.php?rest_route=%2Fwp%2Fv2%2Fcomments&post=9920"}],"version-history":[{"count":1,"href":"http:\/\/paroquiagloria.org\/v2\/index.php?rest_route=\/wp\/v2\/posts\/9920\/revisions"}],"predecessor-version":[{"id":9921,"href":"http:\/\/paroquiagloria.org\/v2\/index.php?rest_route=\/wp\/v2\/posts\/9920\/revisions\/9921"}],"wp:featuredmedia":[{"embeddable":true,"href":"http:\/\/paroquiagloria.org\/v2\/index.php?rest_route=\/wp\/v2\/media\/9888"}],"wp:attachment":[{"href":"http:\/\/paroquiagloria.org\/v2\/index.php?rest_route=%2Fwp%2Fv2%2Fmedia&parent=9920"}],"wp:term":[{"taxonomy":"category","embeddable":true,"href":"http:\/\/paroquiagloria.org\/v2\/index.php?rest_route=%2Fwp%2Fv2%2Fcategories&post=9920"},{"taxonomy":"post_tag","embeddable":true,"href":"http:\/\/paroquiagloria.org\/v2\/index.php?rest_route=%2Fwp%2Fv2%2Ftags&post=9920"}],"curies":[{"name":"wp","href":"https:\/\/api.w.org\/{rel}","templated":true}]}}