{"id":9916,"date":"2021-12-04T20:27:57","date_gmt":"2021-12-04T20:27:57","guid":{"rendered":"http:\/\/paroquiagloria.org\/v2\/?p=9916"},"modified":"2021-12-04T20:27:58","modified_gmt":"2021-12-04T20:27:58","slug":"confissoes","status":"publish","type":"post","link":"http:\/\/paroquiagloria.org\/v2\/?p=9916","title":{"rendered":"Confiss\u00f5es"},"content":{"rendered":"\n<div class=\"wp-block-image is-style-rounded\"><figure class=\"aligncenter size-large\"><a href=\"http:\/\/paroquiagloria.org\/v2\/wp-content\/uploads\/2021\/12\/coroadeadvento.jpg\"><img loading=\"lazy\" width=\"768\" height=\"576\" src=\"http:\/\/paroquiagloria.org\/v2\/wp-content\/uploads\/2021\/12\/coroadeadvento.jpg\" alt=\"\" class=\"wp-image-9908\" srcset=\"http:\/\/paroquiagloria.org\/v2\/wp-content\/uploads\/2021\/12\/coroadeadvento.jpg 768w, http:\/\/paroquiagloria.org\/v2\/wp-content\/uploads\/2021\/12\/coroadeadvento-300x225.jpg 300w\" sizes=\"(max-width: 768px) 100vw, 768px\" \/><\/a><\/figure><\/div>\n\n\n\n<p><strong>Hor\u00e1rios das Confiss\u00f5es para o Advento<\/strong><br>De segunda-feira a s\u00e1bado, entre as 9h30 e as 11h<\/p>\n\n\n\n<p><strong>Celebra\u00e7\u00e3o Penitencial com confiss\u00f5es<\/strong><br>Dia 17 e 20 de dezembro \u00e0s 21h30<\/p>\n","protected":false},"excerpt":{"rendered":"<p>Hor\u00e1rios das Confiss\u00f5es para o AdventoDe segunda-feira a s\u00e1bado, entre as 9h30 e as 11h Celebra\u00e7\u00e3o Penitencial com confiss\u00f5esDia 17 e 20 de dezembro \u00e0s 21h30<\/p>\n","protected":false},"author":1,"featured_media":9913,"comment_status":"open","ping_status":"closed","sticky":false,"template":"","format":"standard","meta":{"ngg_post_thumbnail":0},"categories":[1,4,2,6],"tags":[],"_links":{"self":[{"href":"http:\/\/paroquiagloria.org\/v2\/index.php?rest_route=\/wp\/v2\/posts\/9916"}],"collection":[{"href":"http:\/\/paroquiagloria.org\/v2\/index.php?rest_route=\/wp\/v2\/posts"}],"about":[{"href":"http:\/\/paroquiagloria.org\/v2\/index.php?rest_route=\/wp\/v2\/types\/post"}],"author":[{"embeddable":true,"href":"http:\/\/paroquiagloria.org\/v2\/index.php?rest_route=\/wp\/v2\/users\/1"}],"replies":[{"embeddable":true,"href":"http:\/\/paroquiagloria.org\/v2\/index.php?rest_route=%2Fwp%2Fv2%2Fcomments&post=9916"}],"version-history":[{"count":1,"href":"http:\/\/paroquiagloria.org\/v2\/index.php?rest_route=\/wp\/v2\/posts\/9916\/revisions"}],"predecessor-version":[{"id":9917,"href":"http:\/\/paroquiagloria.org\/v2\/index.php?rest_route=\/wp\/v2\/posts\/9916\/revisions\/9917"}],"wp:featuredmedia":[{"embeddable":true,"href":"http:\/\/paroquiagloria.org\/v2\/index.php?rest_route=\/wp\/v2\/media\/9913"}],"wp:attachment":[{"href":"http:\/\/paroquiagloria.org\/v2\/index.php?rest_route=%2Fwp%2Fv2%2Fmedia&parent=9916"}],"wp:term":[{"taxonomy":"category","embeddable":true,"href":"http:\/\/paroquiagloria.org\/v2\/index.php?rest_route=%2Fwp%2Fv2%2Fcategories&post=9916"},{"taxonomy":"post_tag","embeddable":true,"href":"http:\/\/paroquiagloria.org\/v2\/index.php?rest_route=%2Fwp%2Fv2%2Ftags&post=9916"}],"curies":[{"name":"wp","href":"https:\/\/api.w.org\/{rel}","templated":true}]}}