{"id":9900,"date":"2021-11-28T13:24:37","date_gmt":"2021-11-28T13:24:37","guid":{"rendered":"http:\/\/paroquiagloria.org\/v2\/?p=9900"},"modified":"2021-11-28T13:27:14","modified_gmt":"2021-11-28T13:27:14","slug":"formacao-permanente","status":"publish","type":"post","link":"http:\/\/paroquiagloria.org\/v2\/?p=9900","title":{"rendered":"Forma\u00e7\u00e3o Permanente"},"content":{"rendered":"\n<div class=\"wp-block-image\"><figure class=\"aligncenter size-large\"><a href=\"http:\/\/paroquiagloria.org\/v2\/wp-content\/uploads\/2021\/11\/plano21_22.jpg\"><img loading=\"lazy\" width=\"706\" height=\"1024\" src=\"http:\/\/paroquiagloria.org\/v2\/wp-content\/uploads\/2021\/11\/plano21_22-706x1024.jpg\" alt=\"\" class=\"wp-image-9902\" srcset=\"http:\/\/paroquiagloria.org\/v2\/wp-content\/uploads\/2021\/11\/plano21_22-706x1024.jpg 706w, http:\/\/paroquiagloria.org\/v2\/wp-content\/uploads\/2021\/11\/plano21_22-207x300.jpg 207w, http:\/\/paroquiagloria.org\/v2\/wp-content\/uploads\/2021\/11\/plano21_22-768x1114.jpg 768w, http:\/\/paroquiagloria.org\/v2\/wp-content\/uploads\/2021\/11\/plano21_22.jpg 879w\" sizes=\"(max-width: 706px) 100vw, 706px\" \/><\/a><\/figure><\/div>\n\n\n\n<p>A Forma\u00e7\u00e3o \u00e9 um dos tr\u00eas eixos estruturantes do Plano Pastoral da Par\u00f3quia, apresentado esta semana ao Conselho Paroquial de Pastoral.<br>Fruto das contribui\u00e7\u00f5es chegadas ao longo do m\u00eas de Julho, a forma\u00e7\u00e3o consistir\u00e1 em 4 sess\u00f5es, todas ao s\u00e1bado, ao longo do ano, em cada Tempo Lit\u00fargico. E a primeira \u00e9 j\u00e1 no dia <strong>4 de DEZEMBRO<\/strong>.<br>Com esta iniciativa pretende-se responder \u00e0s exig\u00eancias de forma\u00e7\u00e3o permanente no exerc\u00edcio dos v\u00e1rios servi\u00e7os da Par\u00f3quia, mas tamb\u00e9m para corresponder ao desafio que o Papa Francisco faz \u00e0 Igreja, neste tempo de prepara\u00e7\u00e3o e aprendizagem para o S\u00cdNODO, que j\u00e1 abriu em Roma, no passado dia 10 de Outubro, e que tem por lema <strong>\u201cPara uma Igreja Sinodal: Participa\u00e7\u00e3o | Comunh\u00e3o | Miss\u00e3o\u201d<\/strong>.<br>N\u00e3o queremos ficar \u00e0 margem de todo este dinamismo renovador. E cada sess\u00e3o desta <strong>OFICINA PAROQUIAL DE AGENTES DE PASTORAL<\/strong> pretende ser um tempo para aprender a escutar, a fazer e a &#8220;caminhar juntos&#8221;,<br>A convocat\u00f3ria para esta actividade \u00e9 para todos os elementos dos sectores da Catequese, da Liturgia, da Ac\u00e7\u00e3o s\u00f3cio-caritativa, Pastoral Familiar e Irmandades. Todos mesmo. E n\u00e3o se fecham as portas a outros que queiram saber mais para serem melhores.<\/p>\n\n\n\n<p class=\"has-text-align-right\"><em>Pe. Fausto<\/em><\/p>\n","protected":false},"excerpt":{"rendered":"<p>A Forma\u00e7\u00e3o \u00e9 um dos tr\u00eas eixos estruturantes do Plano Pastoral da Par\u00f3quia, apresentado esta semana ao Conselho Paroquial de Pastoral.Fruto das contribui\u00e7\u00f5es chegadas ao longo do m\u00eas de Julho, a forma\u00e7\u00e3o consistir\u00e1 em 4 sess\u00f5es, todas ao s\u00e1bado, ao longo do ano, em cada Tempo Lit\u00fargico. E a primeira \u00e9 j\u00e1 no dia 4 [&hellip;]<\/p>\n","protected":false},"author":1,"featured_media":9901,"comment_status":"open","ping_status":"closed","sticky":false,"template":"","format":"standard","meta":{"ngg_post_thumbnail":0},"categories":[1,4,2,6,24],"tags":[],"_links":{"self":[{"href":"http:\/\/paroquiagloria.org\/v2\/index.php?rest_route=\/wp\/v2\/posts\/9900"}],"collection":[{"href":"http:\/\/paroquiagloria.org\/v2\/index.php?rest_route=\/wp\/v2\/posts"}],"about":[{"href":"http:\/\/paroquiagloria.org\/v2\/index.php?rest_route=\/wp\/v2\/types\/post"}],"author":[{"embeddable":true,"href":"http:\/\/paroquiagloria.org\/v2\/index.php?rest_route=\/wp\/v2\/users\/1"}],"replies":[{"embeddable":true,"href":"http:\/\/paroquiagloria.org\/v2\/index.php?rest_route=%2Fwp%2Fv2%2Fcomments&post=9900"}],"version-history":[{"count":1,"href":"http:\/\/paroquiagloria.org\/v2\/index.php?rest_route=\/wp\/v2\/posts\/9900\/revisions"}],"predecessor-version":[{"id":9903,"href":"http:\/\/paroquiagloria.org\/v2\/index.php?rest_route=\/wp\/v2\/posts\/9900\/revisions\/9903"}],"wp:featuredmedia":[{"embeddable":true,"href":"http:\/\/paroquiagloria.org\/v2\/index.php?rest_route=\/wp\/v2\/media\/9901"}],"wp:attachment":[{"href":"http:\/\/paroquiagloria.org\/v2\/index.php?rest_route=%2Fwp%2Fv2%2Fmedia&parent=9900"}],"wp:term":[{"taxonomy":"category","embeddable":true,"href":"http:\/\/paroquiagloria.org\/v2\/index.php?rest_route=%2Fwp%2Fv2%2Fcategories&post=9900"},{"taxonomy":"post_tag","embeddable":true,"href":"http:\/\/paroquiagloria.org\/v2\/index.php?rest_route=%2Fwp%2Fv2%2Ftags&post=9900"}],"curies":[{"name":"wp","href":"https:\/\/api.w.org\/{rel}","templated":true}]}}