{"id":9898,"date":"2021-11-28T13:19:11","date_gmt":"2021-11-28T13:19:11","guid":{"rendered":"http:\/\/paroquiagloria.org\/v2\/?p=9898"},"modified":"2021-11-28T13:19:13","modified_gmt":"2021-11-28T13:19:13","slug":"encerramento-do-ano-de-s-jose","status":"publish","type":"post","link":"http:\/\/paroquiagloria.org\/v2\/?p=9898","title":{"rendered":"Encerramento do Ano de S. Jos\u00e9"},"content":{"rendered":"\n<div class=\"wp-block-image\"><figure class=\"aligncenter size-large\"><a href=\"http:\/\/paroquiagloria.org\/v2\/wp-content\/uploads\/2021\/11\/Cartaz-Ao-Encontro-V2-768x1109-1.jpg\"><img loading=\"lazy\" width=\"709\" height=\"1024\" src=\"http:\/\/paroquiagloria.org\/v2\/wp-content\/uploads\/2021\/11\/Cartaz-Ao-Encontro-V2-768x1109-1-709x1024.jpg\" alt=\"\" class=\"wp-image-9897\" srcset=\"http:\/\/paroquiagloria.org\/v2\/wp-content\/uploads\/2021\/11\/Cartaz-Ao-Encontro-V2-768x1109-1-709x1024.jpg 709w, http:\/\/paroquiagloria.org\/v2\/wp-content\/uploads\/2021\/11\/Cartaz-Ao-Encontro-V2-768x1109-1-208x300.jpg 208w, http:\/\/paroquiagloria.org\/v2\/wp-content\/uploads\/2021\/11\/Cartaz-Ao-Encontro-V2-768x1109-1.jpg 768w\" sizes=\"(max-width: 709px) 100vw, 709px\" \/><\/a><\/figure><\/div>\n\n\n\n<p>No \u00e2mbito do encerramento do ano de S\u00e3o Jos\u00e9, ir\u00e1 realizar-se, no dia 3 de dezembro, no Centro Paroquial de Albergaria-a-Velha um encontro com o tema \u201cSonho de S\u00e3o Jos\u00e9\u201d que contar\u00e1 com a presen\u00e7a do Padre Franclim Pacheco e do Professor Daniel Silva.<br>No dia 8 de dezembro pelas 19h00, celebrar-se-\u00e1 na S\u00e9 de Aveiro a eucaristia de encerramento presidida por D. Ant\u00f3nio Moiteiro.<\/p>\n\n\n\n<p class=\"has-text-align-right\"><em>A Equipa Diocesana da Pastoral Familiar<\/em><\/p>\n\n\n\n<p><a href=\"http:\/\/www.diocese-aveiro.pt\/v2\/?p=21654\" data-type=\"URL\" data-id=\"http:\/\/www.diocese-aveiro.pt\/v2\/?p=21654\" target=\"_blank\" rel=\"noreferrer noopener\">MAIS INFORMA\u00c7\u00d5ES<\/a><\/p>\n","protected":false},"excerpt":{"rendered":"<p>No \u00e2mbito do encerramento do ano de S\u00e3o Jos\u00e9, ir\u00e1 realizar-se, no dia 3 de dezembro, no Centro Paroquial de Albergaria-a-Velha um encontro com o tema \u201cSonho de S\u00e3o Jos\u00e9\u201d que contar\u00e1 com a presen\u00e7a do Padre Franclim Pacheco e do Professor Daniel Silva.No dia 8 de dezembro pelas 19h00, celebrar-se-\u00e1 na S\u00e9 de Aveiro [&hellip;]<\/p>\n","protected":false},"author":1,"featured_media":9897,"comment_status":"open","ping_status":"closed","sticky":false,"template":"","format":"standard","meta":{"ngg_post_thumbnail":0},"categories":[1,4,2,6,24],"tags":[],"_links":{"self":[{"href":"http:\/\/paroquiagloria.org\/v2\/index.php?rest_route=\/wp\/v2\/posts\/9898"}],"collection":[{"href":"http:\/\/paroquiagloria.org\/v2\/index.php?rest_route=\/wp\/v2\/posts"}],"about":[{"href":"http:\/\/paroquiagloria.org\/v2\/index.php?rest_route=\/wp\/v2\/types\/post"}],"author":[{"embeddable":true,"href":"http:\/\/paroquiagloria.org\/v2\/index.php?rest_route=\/wp\/v2\/users\/1"}],"replies":[{"embeddable":true,"href":"http:\/\/paroquiagloria.org\/v2\/index.php?rest_route=%2Fwp%2Fv2%2Fcomments&post=9898"}],"version-history":[{"count":1,"href":"http:\/\/paroquiagloria.org\/v2\/index.php?rest_route=\/wp\/v2\/posts\/9898\/revisions"}],"predecessor-version":[{"id":9899,"href":"http:\/\/paroquiagloria.org\/v2\/index.php?rest_route=\/wp\/v2\/posts\/9898\/revisions\/9899"}],"wp:featuredmedia":[{"embeddable":true,"href":"http:\/\/paroquiagloria.org\/v2\/index.php?rest_route=\/wp\/v2\/media\/9897"}],"wp:attachment":[{"href":"http:\/\/paroquiagloria.org\/v2\/index.php?rest_route=%2Fwp%2Fv2%2Fmedia&parent=9898"}],"wp:term":[{"taxonomy":"category","embeddable":true,"href":"http:\/\/paroquiagloria.org\/v2\/index.php?rest_route=%2Fwp%2Fv2%2Fcategories&post=9898"},{"taxonomy":"post_tag","embeddable":true,"href":"http:\/\/paroquiagloria.org\/v2\/index.php?rest_route=%2Fwp%2Fv2%2Ftags&post=9898"}],"curies":[{"name":"wp","href":"https:\/\/api.w.org\/{rel}","templated":true}]}}