{"id":9894,"date":"2021-11-28T13:12:32","date_gmt":"2021-11-28T13:12:32","guid":{"rendered":"http:\/\/paroquiagloria.org\/v2\/?p=9894"},"modified":"2021-11-28T13:12:34","modified_gmt":"2021-11-28T13:12:34","slug":"caminhada-de-advento-2021-sonhemos-juntos-o-caminho","status":"publish","type":"post","link":"http:\/\/paroquiagloria.org\/v2\/?p=9894","title":{"rendered":"Caminhada de Advento 2021 &#8211; Sonhemos juntos o caminho"},"content":{"rendered":"\n<div class=\"wp-block-image\"><figure class=\"aligncenter size-large\"><a href=\"http:\/\/paroquiagloria.org\/v2\/wp-content\/uploads\/2021\/11\/Aveiro_Caminhada-de-Advento.jpg\"><img loading=\"lazy\" width=\"1024\" height=\"727\" src=\"http:\/\/paroquiagloria.org\/v2\/wp-content\/uploads\/2021\/11\/Aveiro_Caminhada-de-Advento-1024x727.jpg\" alt=\"\" class=\"wp-image-9888\" srcset=\"http:\/\/paroquiagloria.org\/v2\/wp-content\/uploads\/2021\/11\/Aveiro_Caminhada-de-Advento-1024x727.jpg 1024w, http:\/\/paroquiagloria.org\/v2\/wp-content\/uploads\/2021\/11\/Aveiro_Caminhada-de-Advento-300x213.jpg 300w, http:\/\/paroquiagloria.org\/v2\/wp-content\/uploads\/2021\/11\/Aveiro_Caminhada-de-Advento-768x545.jpg 768w, http:\/\/paroquiagloria.org\/v2\/wp-content\/uploads\/2021\/11\/Aveiro_Caminhada-de-Advento.jpg 1027w\" sizes=\"(max-width: 1024px) 100vw, 1024px\" \/><\/a><\/figure><\/div>\n\n\n\n<p><strong>1\u00ba Domingo do Advento | 28 novembro | Levantai a vossa cabe\u00e7a!<\/strong><\/p>\n\n\n\n<p><strong>Crian\u00e7as<\/strong>:<br>A proposta para as crian\u00e7as \u00e9 a constru\u00e7\u00e3o de um pres\u00e9pio com as pe\u00e7as do puzzle que s\u00e3o oferecidas semanalmente. Em cada semana h\u00e1 um gesto para concretizar o Evangelho de cada Domingo.<\/p>\n\n\n\n<p><strong>Adolescentes<\/strong>:<br>Para os adolescentes, a proposta \u00e9 lan\u00e7ada pelo catequista, utilizando as redes sociais, no in\u00edcio da semana anterior ao domingo e concretizado durante a semana, podendo ser partilhada com a comunidade.<\/p>\n\n\n\n<p><strong>Adultos<\/strong>:<br>Durante o tempo de Advento, o Departamento da Pastoral dos Adultos, prop\u00f5e uma caminhada com base na Lectio Divina. O v\u00eddeo semanal ficar\u00e1 dispon\u00edvel na tarde de cada domingo do tempo de Advento em www.diocese-aveiro.pt e partilhado nas redes sociais da diocese. Um tempo de ora\u00e7\u00e3o individual, em fam\u00edlia, em pequenos grupos.<\/p>\n\n\n\n<p><\/p>\n\n\n\n<p><a href=\"http:\/\/www.diocese-aveiro.pt\/v2\/?p=21640\" data-type=\"URL\" data-id=\"http:\/\/www.diocese-aveiro.pt\/v2\/?p=21640\" target=\"_blank\" rel=\"noreferrer noopener\">OUTRAS INFORMA\u00c7\u00d5ES<\/a><\/p>\n","protected":false},"excerpt":{"rendered":"<p>1\u00ba Domingo do Advento | 28 novembro | Levantai a vossa cabe\u00e7a! Crian\u00e7as:A proposta para as crian\u00e7as \u00e9 a constru\u00e7\u00e3o de um pres\u00e9pio com as pe\u00e7as do puzzle que s\u00e3o oferecidas semanalmente. Em cada semana h\u00e1 um gesto para concretizar o Evangelho de cada Domingo. Adolescentes:Para os adolescentes, a proposta \u00e9 lan\u00e7ada pelo catequista, utilizando [&hellip;]<\/p>\n","protected":false},"author":1,"featured_media":9888,"comment_status":"open","ping_status":"closed","sticky":false,"template":"","format":"standard","meta":{"ngg_post_thumbnail":0},"categories":[1,4,2,6,24],"tags":[],"_links":{"self":[{"href":"http:\/\/paroquiagloria.org\/v2\/index.php?rest_route=\/wp\/v2\/posts\/9894"}],"collection":[{"href":"http:\/\/paroquiagloria.org\/v2\/index.php?rest_route=\/wp\/v2\/posts"}],"about":[{"href":"http:\/\/paroquiagloria.org\/v2\/index.php?rest_route=\/wp\/v2\/types\/post"}],"author":[{"embeddable":true,"href":"http:\/\/paroquiagloria.org\/v2\/index.php?rest_route=\/wp\/v2\/users\/1"}],"replies":[{"embeddable":true,"href":"http:\/\/paroquiagloria.org\/v2\/index.php?rest_route=%2Fwp%2Fv2%2Fcomments&post=9894"}],"version-history":[{"count":1,"href":"http:\/\/paroquiagloria.org\/v2\/index.php?rest_route=\/wp\/v2\/posts\/9894\/revisions"}],"predecessor-version":[{"id":9895,"href":"http:\/\/paroquiagloria.org\/v2\/index.php?rest_route=\/wp\/v2\/posts\/9894\/revisions\/9895"}],"wp:featuredmedia":[{"embeddable":true,"href":"http:\/\/paroquiagloria.org\/v2\/index.php?rest_route=\/wp\/v2\/media\/9888"}],"wp:attachment":[{"href":"http:\/\/paroquiagloria.org\/v2\/index.php?rest_route=%2Fwp%2Fv2%2Fmedia&parent=9894"}],"wp:term":[{"taxonomy":"category","embeddable":true,"href":"http:\/\/paroquiagloria.org\/v2\/index.php?rest_route=%2Fwp%2Fv2%2Fcategories&post=9894"},{"taxonomy":"post_tag","embeddable":true,"href":"http:\/\/paroquiagloria.org\/v2\/index.php?rest_route=%2Fwp%2Fv2%2Ftags&post=9894"}],"curies":[{"name":"wp","href":"https:\/\/api.w.org\/{rel}","templated":true}]}}