{"id":9891,"date":"2021-11-28T13:08:07","date_gmt":"2021-11-28T13:08:07","guid":{"rendered":"http:\/\/paroquiagloria.org\/v2\/?p=9891"},"modified":"2021-11-28T13:17:43","modified_gmt":"2021-11-28T13:17:43","slug":"retiro-orientado-por-d-antonio-moiteiro","status":"publish","type":"post","link":"http:\/\/paroquiagloria.org\/v2\/?p=9891","title":{"rendered":"Retiro orientado por D. Ant\u00f3nio Moiteiro"},"content":{"rendered":"\n<div class=\"wp-block-image\"><figure class=\"aligncenter size-large\"><a href=\"http:\/\/paroquiagloria.org\/v2\/wp-content\/uploads\/2021\/11\/RetiroAdvento2021.jpg\"><img loading=\"lazy\" width=\"960\" height=\"340\" src=\"http:\/\/paroquiagloria.org\/v2\/wp-content\/uploads\/2021\/11\/RetiroAdvento2021.jpg\" alt=\"\" class=\"wp-image-9892\" srcset=\"http:\/\/paroquiagloria.org\/v2\/wp-content\/uploads\/2021\/11\/RetiroAdvento2021.jpg 960w, http:\/\/paroquiagloria.org\/v2\/wp-content\/uploads\/2021\/11\/RetiroAdvento2021-300x106.jpg 300w, http:\/\/paroquiagloria.org\/v2\/wp-content\/uploads\/2021\/11\/RetiroAdvento2021-768x272.jpg 768w\" sizes=\"(max-width: 960px) 100vw, 960px\" \/><\/a><\/figure><\/div>\n\n\n\n<p>No fim de semana <strong>4 e 5 de dezembro<\/strong>, na Casa Diocesana de Albergaria,<br>D. Ant\u00f3nio Moiteiro orienta um retiro espiritual cujo tema \u00e9: \u201cCaminhar juntos para escutar a voz do Esp\u00edrito\u201d. O retiro destina-se a todos os agentes de pastoral da diocese e ser\u00e1 realizado em ambiente de sil\u00eancio e de ora\u00e7\u00e3o. Come\u00e7a \u00e0s 9h30 de s\u00e1bado e termina com o almo\u00e7o de domingo. As inscri\u00e7\u00f5es devem ser feitas para a C\u00faria Diocesana (telf. 234377140) ou para a Casa Diocesana de Albergaria-a-Velha (965306907)<\/p>\n","protected":false},"excerpt":{"rendered":"<p>No fim de semana 4 e 5 de dezembro, na Casa Diocesana de Albergaria,D. Ant\u00f3nio Moiteiro orienta um retiro espiritual cujo tema \u00e9: \u201cCaminhar juntos para escutar a voz do Esp\u00edrito\u201d. O retiro destina-se a todos os agentes de pastoral da diocese e ser\u00e1 realizado em ambiente de sil\u00eancio e de ora\u00e7\u00e3o. Come\u00e7a \u00e0s 9h30 [&hellip;]<\/p>\n","protected":false},"author":1,"featured_media":9896,"comment_status":"open","ping_status":"closed","sticky":false,"template":"","format":"standard","meta":{"ngg_post_thumbnail":0},"categories":[1,4,2,6,24],"tags":[],"_links":{"self":[{"href":"http:\/\/paroquiagloria.org\/v2\/index.php?rest_route=\/wp\/v2\/posts\/9891"}],"collection":[{"href":"http:\/\/paroquiagloria.org\/v2\/index.php?rest_route=\/wp\/v2\/posts"}],"about":[{"href":"http:\/\/paroquiagloria.org\/v2\/index.php?rest_route=\/wp\/v2\/types\/post"}],"author":[{"embeddable":true,"href":"http:\/\/paroquiagloria.org\/v2\/index.php?rest_route=\/wp\/v2\/users\/1"}],"replies":[{"embeddable":true,"href":"http:\/\/paroquiagloria.org\/v2\/index.php?rest_route=%2Fwp%2Fv2%2Fcomments&post=9891"}],"version-history":[{"count":1,"href":"http:\/\/paroquiagloria.org\/v2\/index.php?rest_route=\/wp\/v2\/posts\/9891\/revisions"}],"predecessor-version":[{"id":9893,"href":"http:\/\/paroquiagloria.org\/v2\/index.php?rest_route=\/wp\/v2\/posts\/9891\/revisions\/9893"}],"wp:featuredmedia":[{"embeddable":true,"href":"http:\/\/paroquiagloria.org\/v2\/index.php?rest_route=\/wp\/v2\/media\/9896"}],"wp:attachment":[{"href":"http:\/\/paroquiagloria.org\/v2\/index.php?rest_route=%2Fwp%2Fv2%2Fmedia&parent=9891"}],"wp:term":[{"taxonomy":"category","embeddable":true,"href":"http:\/\/paroquiagloria.org\/v2\/index.php?rest_route=%2Fwp%2Fv2%2Fcategories&post=9891"},{"taxonomy":"post_tag","embeddable":true,"href":"http:\/\/paroquiagloria.org\/v2\/index.php?rest_route=%2Fwp%2Fv2%2Ftags&post=9891"}],"curies":[{"name":"wp","href":"https:\/\/api.w.org\/{rel}","templated":true}]}}