{"id":9876,"date":"2021-11-20T20:32:50","date_gmt":"2021-11-20T20:32:50","guid":{"rendered":"http:\/\/paroquiagloria.org\/v2\/?p=9876"},"modified":"2021-11-20T20:32:51","modified_gmt":"2021-11-20T20:32:51","slug":"canonizacao-de-santa-joana","status":"publish","type":"post","link":"http:\/\/paroquiagloria.org\/v2\/?p=9876","title":{"rendered":"Canoniza\u00e7\u00e3o de Santa Joana"},"content":{"rendered":"\n<div class=\"wp-block-image\"><figure class=\"aligncenter size-large\"><a href=\"http:\/\/paroquiagloria.org\/v2\/wp-content\/uploads\/2021\/11\/SantaJoana.jpg\"><img loading=\"lazy\" width=\"720\" height=\"960\" src=\"http:\/\/paroquiagloria.org\/v2\/wp-content\/uploads\/2021\/11\/SantaJoana.jpg\" alt=\"\" class=\"wp-image-9861\" srcset=\"http:\/\/paroquiagloria.org\/v2\/wp-content\/uploads\/2021\/11\/SantaJoana.jpg 720w, http:\/\/paroquiagloria.org\/v2\/wp-content\/uploads\/2021\/11\/SantaJoana-225x300.jpg 225w\" sizes=\"(max-width: 720px) 100vw, 720px\" \/><\/a><\/figure><\/div>\n\n\n\n<p>Se perguntarmos na rua quem \u00e9 a Beata Joana de Portugal poucos a conhecem, mas, se falarmos em Santa Joana Princesa, muitos a identificam como Padroeira da cidade e da Diocese de Aveiro.<br>Canonizada ou n\u00e3o \u00e9 a nossa santa, filha de D. Afonso V e da Ra\u00ednha D. Isabel e falecida em Aveiro, no convento das dominicanas, em 12 de Maio de 1490.<br>Tudo isto a prop\u00f3sito do voto favor\u00e1vel de todos os Bispos portugueses, para que o processo de Canoniza\u00e7\u00e3o da &#8220;Beata Joana de Portugal&#8221; avan\u00e7asse, mesmo sem necessidade de um milagre. Este pronunciamento \u00e9 fundamental, para que em breve, querendo Deus, possamos ter a gra\u00e7a da Canoniza\u00e7\u00e3o da &#8220;nossa Santa Joana&#8221;. S\u00f3 ent\u00e3o \u00e9 que \u00e9 reconhecido o seu culto pela Igreja universal.<br>A nossa Par\u00f3quia n\u00e3o \u00e9 indiferente a todo este processo ao celebrarmos, h\u00e1 muito, Missa, nos dias 12 de cada m\u00eas, pedindo expressamente a Deus a gra\u00e7a da canoniza\u00e7\u00e3o de Santa Joana Princesa. Se este pedido se estender a todas as Par\u00f3quias da nossa Diocese, Deus nos conceder\u00e1 esta gra\u00e7a e teremos mais raz\u00f5es para merecer a protec\u00e7\u00e3o daquela que a Igreja, pela voz autorizada do Papa S. Paulo VI, nos concedeu como Padroeira.<br><\/p>\n\n\n\n<p class=\"has-text-align-right\">P. Fausto<\/p>\n","protected":false},"excerpt":{"rendered":"<p>Se perguntarmos na rua quem \u00e9 a Beata Joana de Portugal poucos a conhecem, mas, se falarmos em Santa Joana Princesa, muitos a identificam como Padroeira da cidade e da Diocese de Aveiro.Canonizada ou n\u00e3o \u00e9 a nossa santa, filha de D. Afonso V e da Ra\u00ednha D. Isabel e falecida em Aveiro, no convento [&hellip;]<\/p>\n","protected":false},"author":1,"featured_media":9861,"comment_status":"open","ping_status":"closed","sticky":false,"template":"","format":"standard","meta":{"ngg_post_thumbnail":0},"categories":[1,4,2,6,24],"tags":[],"_links":{"self":[{"href":"http:\/\/paroquiagloria.org\/v2\/index.php?rest_route=\/wp\/v2\/posts\/9876"}],"collection":[{"href":"http:\/\/paroquiagloria.org\/v2\/index.php?rest_route=\/wp\/v2\/posts"}],"about":[{"href":"http:\/\/paroquiagloria.org\/v2\/index.php?rest_route=\/wp\/v2\/types\/post"}],"author":[{"embeddable":true,"href":"http:\/\/paroquiagloria.org\/v2\/index.php?rest_route=\/wp\/v2\/users\/1"}],"replies":[{"embeddable":true,"href":"http:\/\/paroquiagloria.org\/v2\/index.php?rest_route=%2Fwp%2Fv2%2Fcomments&post=9876"}],"version-history":[{"count":1,"href":"http:\/\/paroquiagloria.org\/v2\/index.php?rest_route=\/wp\/v2\/posts\/9876\/revisions"}],"predecessor-version":[{"id":9877,"href":"http:\/\/paroquiagloria.org\/v2\/index.php?rest_route=\/wp\/v2\/posts\/9876\/revisions\/9877"}],"wp:featuredmedia":[{"embeddable":true,"href":"http:\/\/paroquiagloria.org\/v2\/index.php?rest_route=\/wp\/v2\/media\/9861"}],"wp:attachment":[{"href":"http:\/\/paroquiagloria.org\/v2\/index.php?rest_route=%2Fwp%2Fv2%2Fmedia&parent=9876"}],"wp:term":[{"taxonomy":"category","embeddable":true,"href":"http:\/\/paroquiagloria.org\/v2\/index.php?rest_route=%2Fwp%2Fv2%2Fcategories&post=9876"},{"taxonomy":"post_tag","embeddable":true,"href":"http:\/\/paroquiagloria.org\/v2\/index.php?rest_route=%2Fwp%2Fv2%2Ftags&post=9876"}],"curies":[{"name":"wp","href":"https:\/\/api.w.org\/{rel}","templated":true}]}}