{"id":9873,"date":"2021-11-20T20:30:25","date_gmt":"2021-11-20T20:30:25","guid":{"rendered":"http:\/\/paroquiagloria.org\/v2\/?p=9873"},"modified":"2021-11-20T20:30:26","modified_gmt":"2021-11-20T20:30:26","slug":"exposicao-70-anos-do-seminario","status":"publish","type":"post","link":"http:\/\/paroquiagloria.org\/v2\/?p=9873","title":{"rendered":"Exposi\u00e7\u00e3o: 70 anos do Semin\u00e1rio"},"content":{"rendered":"\n<div class=\"wp-block-image\"><figure class=\"aligncenter size-large\"><a href=\"http:\/\/paroquiagloria.org\/v2\/wp-content\/uploads\/2021\/11\/seminario70anosexpo.jpg\"><img loading=\"lazy\" width=\"1024\" height=\"768\" src=\"http:\/\/paroquiagloria.org\/v2\/wp-content\/uploads\/2021\/11\/seminario70anosexpo-1024x768.jpg\" alt=\"\" class=\"wp-image-9874\" srcset=\"http:\/\/paroquiagloria.org\/v2\/wp-content\/uploads\/2021\/11\/seminario70anosexpo-1024x768.jpg 1024w, http:\/\/paroquiagloria.org\/v2\/wp-content\/uploads\/2021\/11\/seminario70anosexpo-300x225.jpg 300w, http:\/\/paroquiagloria.org\/v2\/wp-content\/uploads\/2021\/11\/seminario70anosexpo-768x576.jpg 768w, http:\/\/paroquiagloria.org\/v2\/wp-content\/uploads\/2021\/11\/seminario70anosexpo.jpg 1440w\" sizes=\"(max-width: 1024px) 100vw, 1024px\" \/><\/a><\/figure><\/div>\n\n\n\n<p>Para assinalar os 70 anos do Semin\u00e1rio de Santa Joana Princesa, \u201co cora\u00e7\u00e3o da Diocese\u201d, est\u00e1 patente no claustro dos ap\u00f3stolos (no mesmo Semin\u00e1rio) uma exposi\u00e7\u00e3o que atravessa os anos desta institui\u00e7\u00e3o na nossa Diocese. Desde os diferentes edif\u00edcios por onde o Semin\u00e1rio foi passando, at\u00e9 aos projetos iniciais de constru\u00e7\u00e3o e algumas das comunidades de seminaristas que deram viva ao \u201ccora\u00e7\u00e3o da Diocese\u201d ao longo destes anos.<br>Merece a sua visita!<br>O Semin\u00e1rio promove ainda uma feira do livro usado, num dos seus corredores, que \u00e9 uma angaria\u00e7\u00e3o solid\u00e1ria de fundos, at\u00e9 28 de fevereiro; A feira funciona de segunda a sexta-feira, das 10h00 \u00e0s 18h00.<\/p>\n","protected":false},"excerpt":{"rendered":"<p>Para assinalar os 70 anos do Semin\u00e1rio de Santa Joana Princesa, \u201co cora\u00e7\u00e3o da Diocese\u201d, est\u00e1 patente no claustro dos ap\u00f3stolos (no mesmo Semin\u00e1rio) uma exposi\u00e7\u00e3o que atravessa os anos desta institui\u00e7\u00e3o na nossa Diocese. Desde os diferentes edif\u00edcios por onde o Semin\u00e1rio foi passando, at\u00e9 aos projetos iniciais de constru\u00e7\u00e3o e algumas das comunidades [&hellip;]<\/p>\n","protected":false},"author":1,"featured_media":9874,"comment_status":"open","ping_status":"closed","sticky":false,"template":"","format":"standard","meta":{"ngg_post_thumbnail":0},"categories":[1,4,2,6],"tags":[],"_links":{"self":[{"href":"http:\/\/paroquiagloria.org\/v2\/index.php?rest_route=\/wp\/v2\/posts\/9873"}],"collection":[{"href":"http:\/\/paroquiagloria.org\/v2\/index.php?rest_route=\/wp\/v2\/posts"}],"about":[{"href":"http:\/\/paroquiagloria.org\/v2\/index.php?rest_route=\/wp\/v2\/types\/post"}],"author":[{"embeddable":true,"href":"http:\/\/paroquiagloria.org\/v2\/index.php?rest_route=\/wp\/v2\/users\/1"}],"replies":[{"embeddable":true,"href":"http:\/\/paroquiagloria.org\/v2\/index.php?rest_route=%2Fwp%2Fv2%2Fcomments&post=9873"}],"version-history":[{"count":1,"href":"http:\/\/paroquiagloria.org\/v2\/index.php?rest_route=\/wp\/v2\/posts\/9873\/revisions"}],"predecessor-version":[{"id":9875,"href":"http:\/\/paroquiagloria.org\/v2\/index.php?rest_route=\/wp\/v2\/posts\/9873\/revisions\/9875"}],"wp:featuredmedia":[{"embeddable":true,"href":"http:\/\/paroquiagloria.org\/v2\/index.php?rest_route=\/wp\/v2\/media\/9874"}],"wp:attachment":[{"href":"http:\/\/paroquiagloria.org\/v2\/index.php?rest_route=%2Fwp%2Fv2%2Fmedia&parent=9873"}],"wp:term":[{"taxonomy":"category","embeddable":true,"href":"http:\/\/paroquiagloria.org\/v2\/index.php?rest_route=%2Fwp%2Fv2%2Fcategories&post=9873"},{"taxonomy":"post_tag","embeddable":true,"href":"http:\/\/paroquiagloria.org\/v2\/index.php?rest_route=%2Fwp%2Fv2%2Ftags&post=9873"}],"curies":[{"name":"wp","href":"https:\/\/api.w.org\/{rel}","templated":true}]}}