{"id":9869,"date":"2021-11-20T20:25:45","date_gmt":"2021-11-20T20:25:45","guid":{"rendered":"http:\/\/paroquiagloria.org\/v2\/?p=9869"},"modified":"2021-11-20T20:39:03","modified_gmt":"2021-11-20T20:39:03","slug":"festa-de-acolhimento-do-1o-ano-da-catequese","status":"publish","type":"post","link":"http:\/\/paroquiagloria.org\/v2\/?p=9869","title":{"rendered":"Festa de acolhimento do 1\u00ba ano da catequese"},"content":{"rendered":"\n<div class=\"wp-block-image\"><figure class=\"aligncenter size-large\"><a href=\"http:\/\/paroquiagloria.org\/v2\/wp-content\/uploads\/2021\/09\/catequese21_small.jpg\"><img loading=\"lazy\" width=\"768\" height=\"1024\" src=\"http:\/\/paroquiagloria.org\/v2\/wp-content\/uploads\/2021\/09\/catequese21_small-768x1024.jpg\" alt=\"\" class=\"wp-image-9674\" srcset=\"http:\/\/paroquiagloria.org\/v2\/wp-content\/uploads\/2021\/09\/catequese21_small-768x1024.jpg 768w, http:\/\/paroquiagloria.org\/v2\/wp-content\/uploads\/2021\/09\/catequese21_small-225x300.jpg 225w, http:\/\/paroquiagloria.org\/v2\/wp-content\/uploads\/2021\/09\/catequese21_small.jpg 936w\" sizes=\"(max-width: 768px) 100vw, 768px\" \/><\/a><\/figure><\/div>\n\n\n\n<p>No passado domingo, dia 14, as crian\u00e7as do 1\u00ba ano de catequese celebraram a Festa do Acolhimento. Foi uma celebra\u00e7\u00e3o t\u00e3o bonita que muitas crian\u00e7as manifestaram o desejo de voltarem a reunir-se com a comunidade que as acolheu.<\/p>\n","protected":false},"excerpt":{"rendered":"<p>No passado domingo, dia 14, as crian\u00e7as do 1\u00ba ano de catequese celebraram a Festa do Acolhimento. Foi uma celebra\u00e7\u00e3o t\u00e3o bonita que muitas crian\u00e7as manifestaram o desejo de voltarem a reunir-se com a comunidade que as acolheu.<\/p>\n","protected":false},"author":1,"featured_media":9674,"comment_status":"open","ping_status":"closed","sticky":false,"template":"","format":"standard","meta":{"ngg_post_thumbnail":0},"categories":[1,4,2,6],"tags":[],"_links":{"self":[{"href":"http:\/\/paroquiagloria.org\/v2\/index.php?rest_route=\/wp\/v2\/posts\/9869"}],"collection":[{"href":"http:\/\/paroquiagloria.org\/v2\/index.php?rest_route=\/wp\/v2\/posts"}],"about":[{"href":"http:\/\/paroquiagloria.org\/v2\/index.php?rest_route=\/wp\/v2\/types\/post"}],"author":[{"embeddable":true,"href":"http:\/\/paroquiagloria.org\/v2\/index.php?rest_route=\/wp\/v2\/users\/1"}],"replies":[{"embeddable":true,"href":"http:\/\/paroquiagloria.org\/v2\/index.php?rest_route=%2Fwp%2Fv2%2Fcomments&post=9869"}],"version-history":[{"count":2,"href":"http:\/\/paroquiagloria.org\/v2\/index.php?rest_route=\/wp\/v2\/posts\/9869\/revisions"}],"predecessor-version":[{"id":9880,"href":"http:\/\/paroquiagloria.org\/v2\/index.php?rest_route=\/wp\/v2\/posts\/9869\/revisions\/9880"}],"wp:featuredmedia":[{"embeddable":true,"href":"http:\/\/paroquiagloria.org\/v2\/index.php?rest_route=\/wp\/v2\/media\/9674"}],"wp:attachment":[{"href":"http:\/\/paroquiagloria.org\/v2\/index.php?rest_route=%2Fwp%2Fv2%2Fmedia&parent=9869"}],"wp:term":[{"taxonomy":"category","embeddable":true,"href":"http:\/\/paroquiagloria.org\/v2\/index.php?rest_route=%2Fwp%2Fv2%2Fcategories&post=9869"},{"taxonomy":"post_tag","embeddable":true,"href":"http:\/\/paroquiagloria.org\/v2\/index.php?rest_route=%2Fwp%2Fv2%2Ftags&post=9869"}],"curies":[{"name":"wp","href":"https:\/\/api.w.org\/{rel}","templated":true}]}}