{"id":9867,"date":"2021-11-20T20:24:29","date_gmt":"2021-11-20T20:24:29","guid":{"rendered":"http:\/\/paroquiagloria.org\/v2\/?p=9867"},"modified":"2021-11-20T20:24:30","modified_gmt":"2021-11-20T20:24:30","slug":"banco-alimentar-contra-a-fome-2","status":"publish","type":"post","link":"http:\/\/paroquiagloria.org\/v2\/?p=9867","title":{"rendered":"Banco Alimentar Contra a Fome"},"content":{"rendered":"\n<div class=\"wp-block-image\"><figure class=\"aligncenter size-large\"><a href=\"http:\/\/paroquiagloria.org\/v2\/wp-content\/uploads\/2021\/11\/home-campanha-banco-alimentar-v2.jpg\"><img loading=\"lazy\" width=\"750\" height=\"530\" src=\"http:\/\/paroquiagloria.org\/v2\/wp-content\/uploads\/2021\/11\/home-campanha-banco-alimentar-v2.jpg\" alt=\"\" class=\"wp-image-9863\" srcset=\"http:\/\/paroquiagloria.org\/v2\/wp-content\/uploads\/2021\/11\/home-campanha-banco-alimentar-v2.jpg 750w, http:\/\/paroquiagloria.org\/v2\/wp-content\/uploads\/2021\/11\/home-campanha-banco-alimentar-v2-300x212.jpg 300w\" sizes=\"(max-width: 750px) 100vw, 750px\" \/><\/a><\/figure><\/div>\n\n\n\n<p>Decorre no pr\u00f3ximo fim de semana (27 e 28 de Novembro) a Campanha de Recolha de Alimentos do Banco Alimentar Contra a Fome.<br>Ap\u00f3s, estes longos meses de confinamentos e restri\u00e7\u00f5es devido \u00e0 pandemia de Covid-19, as recolhas presenciais nas superf\u00edcies comerciais, v\u00e3o ser retomadas.<br>O Banco Alimentar Contra a Fome &#8211; Aveiro precisa da colabora\u00e7\u00e3o de todos n\u00f3s para ajudar nesta campanha. Pode inscrever-se atrav\u00e9s da p\u00e1gina: <a href=\"https:\/\/campanha.bancoalimentar.pt\/\" target=\"_blank\" rel=\"noreferrer noopener\">https:\/\/campanha.bancoalimentar.pt\/<\/a><br>Decorrem paralelamente as campanhas n\u00e3o presenciais que nunca foram interrompidas: AJUDA-VALE e ONLINE em <a href=\"http:\/\/www.alimentestaideia.pt\" data-type=\"URL\" data-id=\"www.alimentestaideia.pt\" target=\"_blank\" rel=\"noreferrer noopener\">www.alimentestaideia.pt<\/a><br><strong>ALIMENTE ESTA IDEIA !!!<\/strong><\/p>\n","protected":false},"excerpt":{"rendered":"<p>Decorre no pr\u00f3ximo fim de semana (27 e 28 de Novembro) a Campanha de Recolha de Alimentos do Banco Alimentar Contra a Fome.Ap\u00f3s, estes longos meses de confinamentos e restri\u00e7\u00f5es devido \u00e0 pandemia de Covid-19, as recolhas presenciais nas superf\u00edcies comerciais, v\u00e3o ser retomadas.O Banco Alimentar Contra a Fome &#8211; Aveiro precisa da colabora\u00e7\u00e3o de [&hellip;]<\/p>\n","protected":false},"author":1,"featured_media":9862,"comment_status":"open","ping_status":"closed","sticky":false,"template":"","format":"standard","meta":{"ngg_post_thumbnail":0},"categories":[1,4,2,6],"tags":[],"_links":{"self":[{"href":"http:\/\/paroquiagloria.org\/v2\/index.php?rest_route=\/wp\/v2\/posts\/9867"}],"collection":[{"href":"http:\/\/paroquiagloria.org\/v2\/index.php?rest_route=\/wp\/v2\/posts"}],"about":[{"href":"http:\/\/paroquiagloria.org\/v2\/index.php?rest_route=\/wp\/v2\/types\/post"}],"author":[{"embeddable":true,"href":"http:\/\/paroquiagloria.org\/v2\/index.php?rest_route=\/wp\/v2\/users\/1"}],"replies":[{"embeddable":true,"href":"http:\/\/paroquiagloria.org\/v2\/index.php?rest_route=%2Fwp%2Fv2%2Fcomments&post=9867"}],"version-history":[{"count":1,"href":"http:\/\/paroquiagloria.org\/v2\/index.php?rest_route=\/wp\/v2\/posts\/9867\/revisions"}],"predecessor-version":[{"id":9868,"href":"http:\/\/paroquiagloria.org\/v2\/index.php?rest_route=\/wp\/v2\/posts\/9867\/revisions\/9868"}],"wp:featuredmedia":[{"embeddable":true,"href":"http:\/\/paroquiagloria.org\/v2\/index.php?rest_route=\/wp\/v2\/media\/9862"}],"wp:attachment":[{"href":"http:\/\/paroquiagloria.org\/v2\/index.php?rest_route=%2Fwp%2Fv2%2Fmedia&parent=9867"}],"wp:term":[{"taxonomy":"category","embeddable":true,"href":"http:\/\/paroquiagloria.org\/v2\/index.php?rest_route=%2Fwp%2Fv2%2Fcategories&post=9867"},{"taxonomy":"post_tag","embeddable":true,"href":"http:\/\/paroquiagloria.org\/v2\/index.php?rest_route=%2Fwp%2Fv2%2Ftags&post=9867"}],"curies":[{"name":"wp","href":"https:\/\/api.w.org\/{rel}","templated":true}]}}