{"id":9855,"date":"2021-11-13T19:50:41","date_gmt":"2021-11-13T19:50:41","guid":{"rendered":"http:\/\/paroquiagloria.org\/v2\/?p=9855"},"modified":"2021-11-13T19:50:43","modified_gmt":"2021-11-13T19:50:43","slug":"70-anos-gratidao-e-esperanca","status":"publish","type":"post","link":"http:\/\/paroquiagloria.org\/v2\/?p=9855","title":{"rendered":"70 anos : Gratid\u00e3o e Esperan\u00e7a"},"content":{"rendered":"\n<div class=\"wp-block-image\"><figure class=\"aligncenter size-large\"><a href=\"http:\/\/paroquiagloria.org\/v2\/wp-content\/uploads\/2021\/11\/70ANOSSeminarioSJoana_cartaz.jpg\"><img loading=\"lazy\" width=\"960\" height=\"679\" src=\"http:\/\/paroquiagloria.org\/v2\/wp-content\/uploads\/2021\/11\/70ANOSSeminarioSJoana_cartaz.jpg\" alt=\"\" class=\"wp-image-9843\" srcset=\"http:\/\/paroquiagloria.org\/v2\/wp-content\/uploads\/2021\/11\/70ANOSSeminarioSJoana_cartaz.jpg 960w, http:\/\/paroquiagloria.org\/v2\/wp-content\/uploads\/2021\/11\/70ANOSSeminarioSJoana_cartaz-300x212.jpg 300w, http:\/\/paroquiagloria.org\/v2\/wp-content\/uploads\/2021\/11\/70ANOSSeminarioSJoana_cartaz-768x543.jpg 768w\" sizes=\"(max-width: 960px) 100vw, 960px\" \/><\/a><\/figure><\/div>\n\n\n\n<p>Neste Domingo, 14 de Novembro, o Semin\u00e1rio de Santa Joana Princesa faz 70 anos de actividade letiva. Dia de Festa, sem d\u00favida, marcado por um conjunto de eventos, que pretendem assinalar condignamente o anivers\u00e1rio desta institui\u00e7\u00e3o.<br>Haver\u00e1 Celebra\u00e7\u00e3o da Eucaristia \u00e0s 16h e concerto de m\u00fasica barroca \u00e0s 21h, no audit\u00f3rio, com entrada livre.<br>N\u00e3o perca tamb\u00e9m a exposi\u00e7\u00e3o fotogr\u00e1fica que est\u00e1 patente no Claustro dos Ap\u00f3stolos. \u00c9 uma bela oportunidade para admirar os projectos e fases da constru\u00e7\u00e3o de um im\u00f3vel j\u00e1 classificado e que determinou toda a arquitectura envolvente. Talvez reconhe\u00e7a alguma cara conhecida ou, quem sabe, a sua pr\u00f3pria.<br>Constru\u00eddo na \u00e1rea da nossa Par\u00f3quia, o Semin\u00e1rio de Santa Joana Princesa continua a merecer-nos especial aten\u00e7\u00e3o, demonstrada pelo n\u00famero dos nossos pr\u00e9-seminaristas e pelo ofert\u00f3rio deste ano, que chegou aos 2 710 euros.<br>Muito generosa \u00e9 a Par\u00f3quia, dizem alguns, mas muito mais queremos ser, porque precisamos muito de voca\u00e7\u00f5es fi\u00e9is, felizes e fi\u00e1veis para o Minist\u00e9rio Sacerdotal. E ainda n\u00e3o h\u00e1 melhor Institui\u00e7\u00e3o educativa que o Semin\u00e1rio para responder a esta necessidade.<\/p>\n\n\n\n<p class=\"has-text-align-right\"><em>P. Fausto<\/em><\/p>\n","protected":false},"excerpt":{"rendered":"<p>Neste Domingo, 14 de Novembro, o Semin\u00e1rio de Santa Joana Princesa faz 70 anos de actividade letiva. Dia de Festa, sem d\u00favida, marcado por um conjunto de eventos, que pretendem assinalar condignamente o anivers\u00e1rio desta institui\u00e7\u00e3o.Haver\u00e1 Celebra\u00e7\u00e3o da Eucaristia \u00e0s 16h e concerto de m\u00fasica barroca \u00e0s 21h, no audit\u00f3rio, com entrada livre.N\u00e3o perca tamb\u00e9m [&hellip;]<\/p>\n","protected":false},"author":1,"featured_media":9843,"comment_status":"open","ping_status":"closed","sticky":false,"template":"","format":"standard","meta":{"ngg_post_thumbnail":0},"categories":[1,4,2,6],"tags":[],"_links":{"self":[{"href":"http:\/\/paroquiagloria.org\/v2\/index.php?rest_route=\/wp\/v2\/posts\/9855"}],"collection":[{"href":"http:\/\/paroquiagloria.org\/v2\/index.php?rest_route=\/wp\/v2\/posts"}],"about":[{"href":"http:\/\/paroquiagloria.org\/v2\/index.php?rest_route=\/wp\/v2\/types\/post"}],"author":[{"embeddable":true,"href":"http:\/\/paroquiagloria.org\/v2\/index.php?rest_route=\/wp\/v2\/users\/1"}],"replies":[{"embeddable":true,"href":"http:\/\/paroquiagloria.org\/v2\/index.php?rest_route=%2Fwp%2Fv2%2Fcomments&post=9855"}],"version-history":[{"count":1,"href":"http:\/\/paroquiagloria.org\/v2\/index.php?rest_route=\/wp\/v2\/posts\/9855\/revisions"}],"predecessor-version":[{"id":9856,"href":"http:\/\/paroquiagloria.org\/v2\/index.php?rest_route=\/wp\/v2\/posts\/9855\/revisions\/9856"}],"wp:featuredmedia":[{"embeddable":true,"href":"http:\/\/paroquiagloria.org\/v2\/index.php?rest_route=\/wp\/v2\/media\/9843"}],"wp:attachment":[{"href":"http:\/\/paroquiagloria.org\/v2\/index.php?rest_route=%2Fwp%2Fv2%2Fmedia&parent=9855"}],"wp:term":[{"taxonomy":"category","embeddable":true,"href":"http:\/\/paroquiagloria.org\/v2\/index.php?rest_route=%2Fwp%2Fv2%2Fcategories&post=9855"},{"taxonomy":"post_tag","embeddable":true,"href":"http:\/\/paroquiagloria.org\/v2\/index.php?rest_route=%2Fwp%2Fv2%2Ftags&post=9855"}],"curies":[{"name":"wp","href":"https:\/\/api.w.org\/{rel}","templated":true}]}}