{"id":9853,"date":"2021-11-13T19:49:21","date_gmt":"2021-11-13T19:49:21","guid":{"rendered":"http:\/\/paroquiagloria.org\/v2\/?p=9853"},"modified":"2021-11-13T19:49:22","modified_gmt":"2021-11-13T19:49:22","slug":"mosteiro-invisivel-vocacional","status":"publish","type":"post","link":"http:\/\/paroquiagloria.org\/v2\/?p=9853","title":{"rendered":"Mosteiro Invis\u00edvel Vocacional"},"content":{"rendered":"\n<div class=\"wp-block-image\"><figure class=\"aligncenter size-large\"><a href=\"http:\/\/paroquiagloria.org\/v2\/wp-content\/uploads\/2021\/11\/MIV_Aveiro.jpg\"><img loading=\"lazy\" width=\"1003\" height=\"666\" src=\"http:\/\/paroquiagloria.org\/v2\/wp-content\/uploads\/2021\/11\/MIV_Aveiro.jpg\" alt=\"\" class=\"wp-image-9832\" srcset=\"http:\/\/paroquiagloria.org\/v2\/wp-content\/uploads\/2021\/11\/MIV_Aveiro.jpg 1003w, http:\/\/paroquiagloria.org\/v2\/wp-content\/uploads\/2021\/11\/MIV_Aveiro-300x199.jpg 300w, http:\/\/paroquiagloria.org\/v2\/wp-content\/uploads\/2021\/11\/MIV_Aveiro-768x510.jpg 768w, http:\/\/paroquiagloria.org\/v2\/wp-content\/uploads\/2021\/11\/MIV_Aveiro-207x136.jpg 207w, http:\/\/paroquiagloria.org\/v2\/wp-content\/uploads\/2021\/11\/MIV_Aveiro-140x94.jpg 140w\" sizes=\"(max-width: 1003px) 100vw, 1003px\" \/><\/a><\/figure><\/div>\n\n\n\n<p>A proposta do Servi\u00e7o das Voca\u00e7\u00f5es da Diocese de Aveiro com o Mosteiro Invis\u00edvel Vocacional consiste na inscri\u00e7\u00e3o online e compromisso de rezar por determinada voca\u00e7\u00e3o da Igreja (vida laical, vida matrimonial, vida mission\u00e1ria, vida religiosa &#8211; ativa e contemplativa e vida Sacerdotal). Uma proposta \u00e0 qual todos podemos responder. A inscri\u00e7\u00e3o pode ser feita no link: <a rel=\"noreferrer noopener\" href=\"https:\/\/diocese-aveiro.pt\/vocacoes\/2021\/06\/16\/mosteiro-invisivel-vocacional\/\" target=\"_blank\">https:\/\/diocese-aveiro.pt\/vocacoes\/2021\/06\/16\/mosteiro-invisivel-vocacional\/<\/a>, ou pode deixar o seu nome na secretaria paroquial.<\/p>\n\n\n\n<div class=\"wp-block-image\"><figure class=\"aligncenter size-large\"><a href=\"http:\/\/paroquiagloria.org\/v2\/wp-content\/uploads\/2021\/11\/miv-temp.jpg\"><img loading=\"lazy\" width=\"446\" height=\"631\" src=\"http:\/\/paroquiagloria.org\/v2\/wp-content\/uploads\/2021\/11\/miv-temp.jpg\" alt=\"\" class=\"wp-image-9833\" srcset=\"http:\/\/paroquiagloria.org\/v2\/wp-content\/uploads\/2021\/11\/miv-temp.jpg 446w, http:\/\/paroquiagloria.org\/v2\/wp-content\/uploads\/2021\/11\/miv-temp-212x300.jpg 212w\" sizes=\"(max-width: 446px) 100vw, 446px\" \/><\/a><\/figure><\/div>\n","protected":false},"excerpt":{"rendered":"<p>A proposta do Servi\u00e7o das Voca\u00e7\u00f5es da Diocese de Aveiro com o Mosteiro Invis\u00edvel Vocacional consiste na inscri\u00e7\u00e3o online e compromisso de rezar por determinada voca\u00e7\u00e3o da Igreja (vida laical, vida matrimonial, vida mission\u00e1ria, vida religiosa &#8211; ativa e contemplativa e vida Sacerdotal). Uma proposta \u00e0 qual todos podemos responder. A inscri\u00e7\u00e3o pode ser feita [&hellip;]<\/p>\n","protected":false},"author":1,"featured_media":9832,"comment_status":"open","ping_status":"closed","sticky":false,"template":"","format":"standard","meta":{"ngg_post_thumbnail":0},"categories":[1,4,2,6,24],"tags":[],"_links":{"self":[{"href":"http:\/\/paroquiagloria.org\/v2\/index.php?rest_route=\/wp\/v2\/posts\/9853"}],"collection":[{"href":"http:\/\/paroquiagloria.org\/v2\/index.php?rest_route=\/wp\/v2\/posts"}],"about":[{"href":"http:\/\/paroquiagloria.org\/v2\/index.php?rest_route=\/wp\/v2\/types\/post"}],"author":[{"embeddable":true,"href":"http:\/\/paroquiagloria.org\/v2\/index.php?rest_route=\/wp\/v2\/users\/1"}],"replies":[{"embeddable":true,"href":"http:\/\/paroquiagloria.org\/v2\/index.php?rest_route=%2Fwp%2Fv2%2Fcomments&post=9853"}],"version-history":[{"count":1,"href":"http:\/\/paroquiagloria.org\/v2\/index.php?rest_route=\/wp\/v2\/posts\/9853\/revisions"}],"predecessor-version":[{"id":9854,"href":"http:\/\/paroquiagloria.org\/v2\/index.php?rest_route=\/wp\/v2\/posts\/9853\/revisions\/9854"}],"wp:featuredmedia":[{"embeddable":true,"href":"http:\/\/paroquiagloria.org\/v2\/index.php?rest_route=\/wp\/v2\/media\/9832"}],"wp:attachment":[{"href":"http:\/\/paroquiagloria.org\/v2\/index.php?rest_route=%2Fwp%2Fv2%2Fmedia&parent=9853"}],"wp:term":[{"taxonomy":"category","embeddable":true,"href":"http:\/\/paroquiagloria.org\/v2\/index.php?rest_route=%2Fwp%2Fv2%2Fcategories&post=9853"},{"taxonomy":"post_tag","embeddable":true,"href":"http:\/\/paroquiagloria.org\/v2\/index.php?rest_route=%2Fwp%2Fv2%2Ftags&post=9853"}],"curies":[{"name":"wp","href":"https:\/\/api.w.org\/{rel}","templated":true}]}}