{"id":9849,"date":"2021-11-13T19:46:00","date_gmt":"2021-11-13T19:46:00","guid":{"rendered":"http:\/\/paroquiagloria.org\/v2\/?p=9849"},"modified":"2021-11-13T19:46:02","modified_gmt":"2021-11-13T19:46:02","slug":"xxxv-dmj","status":"publish","type":"post","link":"http:\/\/paroquiagloria.org\/v2\/?p=9849","title":{"rendered":"XXXV DMJ"},"content":{"rendered":"\n<figure class=\"wp-block-image size-large\"><a href=\"http:\/\/paroquiagloria.org\/v2\/wp-content\/uploads\/2021\/11\/Aveiro_Departamento-da-Pastoral-Juvenil_JMJ-2021.jpg\"><img loading=\"lazy\" width=\"1024\" height=\"1024\" src=\"http:\/\/paroquiagloria.org\/v2\/wp-content\/uploads\/2021\/11\/Aveiro_Departamento-da-Pastoral-Juvenil_JMJ-2021-1024x1024.jpg\" alt=\"\" class=\"wp-image-9814\" srcset=\"http:\/\/paroquiagloria.org\/v2\/wp-content\/uploads\/2021\/11\/Aveiro_Departamento-da-Pastoral-Juvenil_JMJ-2021-1024x1024.jpg 1024w, http:\/\/paroquiagloria.org\/v2\/wp-content\/uploads\/2021\/11\/Aveiro_Departamento-da-Pastoral-Juvenil_JMJ-2021-300x300.jpg 300w, http:\/\/paroquiagloria.org\/v2\/wp-content\/uploads\/2021\/11\/Aveiro_Departamento-da-Pastoral-Juvenil_JMJ-2021-150x150.jpg 150w, http:\/\/paroquiagloria.org\/v2\/wp-content\/uploads\/2021\/11\/Aveiro_Departamento-da-Pastoral-Juvenil_JMJ-2021-768x768.jpg 768w, http:\/\/paroquiagloria.org\/v2\/wp-content\/uploads\/2021\/11\/Aveiro_Departamento-da-Pastoral-Juvenil_JMJ-2021-185x185.jpg 185w, http:\/\/paroquiagloria.org\/v2\/wp-content\/uploads\/2021\/11\/Aveiro_Departamento-da-Pastoral-Juvenil_JMJ-2021-184x184.jpg 184w, http:\/\/paroquiagloria.org\/v2\/wp-content\/uploads\/2021\/11\/Aveiro_Departamento-da-Pastoral-Juvenil_JMJ-2021.jpg 1080w\" sizes=\"(max-width: 1024px) 100vw, 1024px\" \/><\/a><\/figure>\n\n\n\n<p>Relembramos que o DMJ 2021 ser\u00e1 realizado no dia 20 de novembro (S\u00e1bado de Cristo Rei), entre as 14h e as 00h, no Arciprestado de \u00cdlhavo, mais concretamente na zona costeira da nossa diocese (Costa Nova \u2013 Barra). Este ano, sob o lema \u201cLevanta-te! Eu te constituo testemunha do que viste!\u201d (cf. At 26, 16).<br>O DMJ destina-se a jovens a partir do 10\u00baano (inclusive) e a movimentos de \u00e2mbito juvenil, sendo assim o maior encontro de jovens crist\u00e3os da Diocese de Aveiro.<br>A inscri\u00e7\u00e3o da atividade pode ser feita via p\u00e1gina <a href=\"http:\/\/www.diocese-aveiro.pt\/v2\/?p=21612\" target=\"_blank\" rel=\"noreferrer noopener\">http:\/\/www.diocese-aveiro.pt\/v2\/?p=21612<\/a><\/p>\n\n\n\n<p>NOTAS IMPORTANTES:<br>\u2013 De acordo com as regras impostas pela delega\u00e7\u00e3o de sa\u00fade de Aveiro, poder\u00e1 ser necess\u00e1ria a apresenta\u00e7\u00e3o de certificado digital de vacina\u00e7\u00e3o contra a COVID-19 ou teste negativo realizado nas \u00faltimas 24 horas.<\/p>\n\n\n\n<p>Cada participante dever\u00e1 trazer:<br>\u2013 Roupa e cal\u00e7ado confort\u00e1veis;<br>\u2013 A utiliza\u00e7\u00e3o de m\u00e1scara \u00e9 obrigat\u00f3ria;<br>\u2013 Guarda-chuva;<br>\u2013 Caneta;<br>\u2013 Guitarra ou outro instrumento musical (porque a anima\u00e7\u00e3o do DMJ tamb\u00e9m depende de ti!);<br>\u2013 Garrafa de \u00e1gua;<br>\u2013 Jantar (n\u00e3o partilhado);<br>\u2013 1 copo ou caneca;<br>\u2013 Boa disposi\u00e7\u00e3o!<br>Vemo-nos por l\u00e1!!!<\/p>\n\n\n\n<p>MAIS INFORMA\u00c7\u00d5ES NA <a href=\"http:\/\/www.diocese-aveiro.pt\/v2\/?p=21612\" data-type=\"URL\" data-id=\"http:\/\/www.diocese-aveiro.pt\/v2\/?p=21612\" target=\"_blank\" rel=\"noreferrer noopener\">P\u00c1GINA DA DIOCESE<\/a><\/p>\n","protected":false},"excerpt":{"rendered":"<p>Relembramos que o DMJ 2021 ser\u00e1 realizado no dia 20 de novembro (S\u00e1bado de Cristo Rei), entre as 14h e as 00h, no Arciprestado de \u00cdlhavo, mais concretamente na zona costeira da nossa diocese (Costa Nova \u2013 Barra). Este ano, sob o lema \u201cLevanta-te! Eu te constituo testemunha do que viste!\u201d (cf. At 26, 16).O [&hellip;]<\/p>\n","protected":false},"author":1,"featured_media":9814,"comment_status":"open","ping_status":"closed","sticky":false,"template":"","format":"standard","meta":{"ngg_post_thumbnail":0},"categories":[1,4,2,6,24],"tags":[],"_links":{"self":[{"href":"http:\/\/paroquiagloria.org\/v2\/index.php?rest_route=\/wp\/v2\/posts\/9849"}],"collection":[{"href":"http:\/\/paroquiagloria.org\/v2\/index.php?rest_route=\/wp\/v2\/posts"}],"about":[{"href":"http:\/\/paroquiagloria.org\/v2\/index.php?rest_route=\/wp\/v2\/types\/post"}],"author":[{"embeddable":true,"href":"http:\/\/paroquiagloria.org\/v2\/index.php?rest_route=\/wp\/v2\/users\/1"}],"replies":[{"embeddable":true,"href":"http:\/\/paroquiagloria.org\/v2\/index.php?rest_route=%2Fwp%2Fv2%2Fcomments&post=9849"}],"version-history":[{"count":1,"href":"http:\/\/paroquiagloria.org\/v2\/index.php?rest_route=\/wp\/v2\/posts\/9849\/revisions"}],"predecessor-version":[{"id":9850,"href":"http:\/\/paroquiagloria.org\/v2\/index.php?rest_route=\/wp\/v2\/posts\/9849\/revisions\/9850"}],"wp:featuredmedia":[{"embeddable":true,"href":"http:\/\/paroquiagloria.org\/v2\/index.php?rest_route=\/wp\/v2\/media\/9814"}],"wp:attachment":[{"href":"http:\/\/paroquiagloria.org\/v2\/index.php?rest_route=%2Fwp%2Fv2%2Fmedia&parent=9849"}],"wp:term":[{"taxonomy":"category","embeddable":true,"href":"http:\/\/paroquiagloria.org\/v2\/index.php?rest_route=%2Fwp%2Fv2%2Fcategories&post=9849"},{"taxonomy":"post_tag","embeddable":true,"href":"http:\/\/paroquiagloria.org\/v2\/index.php?rest_route=%2Fwp%2Fv2%2Ftags&post=9849"}],"curies":[{"name":"wp","href":"https:\/\/api.w.org\/{rel}","templated":true}]}}