{"id":9847,"date":"2021-11-13T19:44:12","date_gmt":"2021-11-13T19:44:12","guid":{"rendered":"http:\/\/paroquiagloria.org\/v2\/?p=9847"},"modified":"2021-11-13T19:44:13","modified_gmt":"2021-11-13T19:44:13","slug":"v-dia-mundial-do-pobre-2","status":"publish","type":"post","link":"http:\/\/paroquiagloria.org\/v2\/?p=9847","title":{"rendered":"V Dia Mundial do Pobre"},"content":{"rendered":"\n<div class=\"wp-block-image\"><figure class=\"aligncenter size-large\"><a href=\"http:\/\/paroquiagloria.org\/v2\/wp-content\/uploads\/2021\/11\/DMPobre2021-scaled-1.jpg\"><img loading=\"lazy\" width=\"724\" height=\"1024\" src=\"http:\/\/paroquiagloria.org\/v2\/wp-content\/uploads\/2021\/11\/DMPobre2021-scaled-1-724x1024.jpg\" alt=\"\" class=\"wp-image-9812\" srcset=\"http:\/\/paroquiagloria.org\/v2\/wp-content\/uploads\/2021\/11\/DMPobre2021-scaled-1-724x1024.jpg 724w, http:\/\/paroquiagloria.org\/v2\/wp-content\/uploads\/2021\/11\/DMPobre2021-scaled-1-212x300.jpg 212w, http:\/\/paroquiagloria.org\/v2\/wp-content\/uploads\/2021\/11\/DMPobre2021-scaled-1-768x1086.jpg 768w, http:\/\/paroquiagloria.org\/v2\/wp-content\/uploads\/2021\/11\/DMPobre2021-scaled-1-1086x1536.jpg 1086w, http:\/\/paroquiagloria.org\/v2\/wp-content\/uploads\/2021\/11\/DMPobre2021-scaled-1-1448x2048.jpg 1448w, http:\/\/paroquiagloria.org\/v2\/wp-content\/uploads\/2021\/11\/DMPobre2021-scaled-1.jpg 1810w\" sizes=\"(max-width: 724px) 100vw, 724px\" \/><\/a><\/figure><\/div>\n\n\n\n<p>A Igreja vive neste Domingo, dia 14 de novembro, o 5\u00ba Dia Mundial do Pobre. Aceitando o desafio do Papa Francisco, o Secretariado Diocesano da Pastoral S\u00f3cio Caritativa promove nesse dia um encontro de reflex\u00e3o, pelas 14h30m, no audit\u00f3rio do Semin\u00e1rio de Santa Joana, com o prof. Eug\u00e9nio da Fonseca, Presidente da Confedera\u00e7\u00e3o Portuguesa de Voluntariado. O encontro termina com a Eucaristia \u00e0s 16h00, presidida pelo Senhor Bispo D. Ant\u00f3nio Moiteiro.<br>A tem\u00e1tica do encontro \u201cSempre tereis pobres entre v\u00f3s\u201d, est\u00e1 relacionada com a mensagem do Papa Francisco para o V Dia Mundial dos Pobres, que se celebra nesse dia.<\/p>\n","protected":false},"excerpt":{"rendered":"<p>A Igreja vive neste Domingo, dia 14 de novembro, o 5\u00ba Dia Mundial do Pobre. Aceitando o desafio do Papa Francisco, o Secretariado Diocesano da Pastoral S\u00f3cio Caritativa promove nesse dia um encontro de reflex\u00e3o, pelas 14h30m, no audit\u00f3rio do Semin\u00e1rio de Santa Joana, com o prof. Eug\u00e9nio da Fonseca, Presidente da Confedera\u00e7\u00e3o Portuguesa de [&hellip;]<\/p>\n","protected":false},"author":1,"featured_media":9812,"comment_status":"open","ping_status":"closed","sticky":false,"template":"","format":"standard","meta":{"ngg_post_thumbnail":0},"categories":[1,4,2,6,24],"tags":[],"_links":{"self":[{"href":"http:\/\/paroquiagloria.org\/v2\/index.php?rest_route=\/wp\/v2\/posts\/9847"}],"collection":[{"href":"http:\/\/paroquiagloria.org\/v2\/index.php?rest_route=\/wp\/v2\/posts"}],"about":[{"href":"http:\/\/paroquiagloria.org\/v2\/index.php?rest_route=\/wp\/v2\/types\/post"}],"author":[{"embeddable":true,"href":"http:\/\/paroquiagloria.org\/v2\/index.php?rest_route=\/wp\/v2\/users\/1"}],"replies":[{"embeddable":true,"href":"http:\/\/paroquiagloria.org\/v2\/index.php?rest_route=%2Fwp%2Fv2%2Fcomments&post=9847"}],"version-history":[{"count":1,"href":"http:\/\/paroquiagloria.org\/v2\/index.php?rest_route=\/wp\/v2\/posts\/9847\/revisions"}],"predecessor-version":[{"id":9848,"href":"http:\/\/paroquiagloria.org\/v2\/index.php?rest_route=\/wp\/v2\/posts\/9847\/revisions\/9848"}],"wp:featuredmedia":[{"embeddable":true,"href":"http:\/\/paroquiagloria.org\/v2\/index.php?rest_route=\/wp\/v2\/media\/9812"}],"wp:attachment":[{"href":"http:\/\/paroquiagloria.org\/v2\/index.php?rest_route=%2Fwp%2Fv2%2Fmedia&parent=9847"}],"wp:term":[{"taxonomy":"category","embeddable":true,"href":"http:\/\/paroquiagloria.org\/v2\/index.php?rest_route=%2Fwp%2Fv2%2Fcategories&post=9847"},{"taxonomy":"post_tag","embeddable":true,"href":"http:\/\/paroquiagloria.org\/v2\/index.php?rest_route=%2Fwp%2Fv2%2Ftags&post=9847"}],"curies":[{"name":"wp","href":"https:\/\/api.w.org\/{rel}","templated":true}]}}