{"id":9841,"date":"2021-11-13T19:40:57","date_gmt":"2021-11-13T19:40:57","guid":{"rendered":"http:\/\/paroquiagloria.org\/v2\/?p=9841"},"modified":"2021-11-13T19:40:58","modified_gmt":"2021-11-13T19:40:58","slug":"nova-edicao-do-missal-romano","status":"publish","type":"post","link":"http:\/\/paroquiagloria.org\/v2\/?p=9841","title":{"rendered":"Nova edi\u00e7\u00e3o do Missal Romano"},"content":{"rendered":"\n<div class=\"wp-block-image\"><figure class=\"aligncenter size-large\"><a href=\"http:\/\/paroquiagloria.org\/v2\/wp-content\/uploads\/2021\/11\/Missa_calice_missal-1280x853-1.jpg\"><img loading=\"lazy\" width=\"1024\" height=\"682\" src=\"http:\/\/paroquiagloria.org\/v2\/wp-content\/uploads\/2021\/11\/Missa_calice_missal-1280x853-1-1024x682.jpg\" alt=\"\" class=\"wp-image-9842\" srcset=\"http:\/\/paroquiagloria.org\/v2\/wp-content\/uploads\/2021\/11\/Missa_calice_missal-1280x853-1-1024x682.jpg 1024w, http:\/\/paroquiagloria.org\/v2\/wp-content\/uploads\/2021\/11\/Missa_calice_missal-1280x853-1-300x200.jpg 300w, http:\/\/paroquiagloria.org\/v2\/wp-content\/uploads\/2021\/11\/Missa_calice_missal-1280x853-1-768x512.jpg 768w, http:\/\/paroquiagloria.org\/v2\/wp-content\/uploads\/2021\/11\/Missa_calice_missal-1280x853-1-140x94.jpg 140w, http:\/\/paroquiagloria.org\/v2\/wp-content\/uploads\/2021\/11\/Missa_calice_missal-1280x853-1.jpg 1280w\" sizes=\"(max-width: 1024px) 100vw, 1024px\" \/><\/a><\/figure><\/div>\n\n\n\n<p>Com o objetivo de \u201ccelebrar e viver melhor a Eucaristia\u201d, foi aprovada uma nova edi\u00e7\u00e3o do Missal Romano, proposto pela Confer\u00eancia Episcopal Portuguesa.<br>Entra em vigor a partir do dia 14 de abril de 2022, quinta-feira da Semana Santa.<\/p>\n\n\n\n<p>Mais informa\u00e7\u00f5es <a href=\"https:\/\/agencia.ecclesia.pt\/portal\/liturgia-igreja-catolica-em-portugal-tem-nova-edicao-do-missal-romano\/\" data-type=\"URL\" data-id=\"https:\/\/agencia.ecclesia.pt\/portal\/liturgia-igreja-catolica-em-portugal-tem-nova-edicao-do-missal-romano\/\" target=\"_blank\" rel=\"noreferrer noopener\">AQUI<\/a><\/p>\n","protected":false},"excerpt":{"rendered":"<p>Com o objetivo de \u201ccelebrar e viver melhor a Eucaristia\u201d, foi aprovada uma nova edi\u00e7\u00e3o do Missal Romano, proposto pela Confer\u00eancia Episcopal Portuguesa.Entra em vigor a partir do dia 14 de abril de 2022, quinta-feira da Semana Santa. Mais informa\u00e7\u00f5es AQUI<\/p>\n","protected":false},"author":1,"featured_media":9842,"comment_status":"open","ping_status":"closed","sticky":false,"template":"","format":"standard","meta":{"ngg_post_thumbnail":0},"categories":[1,4,2,6],"tags":[],"_links":{"self":[{"href":"http:\/\/paroquiagloria.org\/v2\/index.php?rest_route=\/wp\/v2\/posts\/9841"}],"collection":[{"href":"http:\/\/paroquiagloria.org\/v2\/index.php?rest_route=\/wp\/v2\/posts"}],"about":[{"href":"http:\/\/paroquiagloria.org\/v2\/index.php?rest_route=\/wp\/v2\/types\/post"}],"author":[{"embeddable":true,"href":"http:\/\/paroquiagloria.org\/v2\/index.php?rest_route=\/wp\/v2\/users\/1"}],"replies":[{"embeddable":true,"href":"http:\/\/paroquiagloria.org\/v2\/index.php?rest_route=%2Fwp%2Fv2%2Fcomments&post=9841"}],"version-history":[{"count":1,"href":"http:\/\/paroquiagloria.org\/v2\/index.php?rest_route=\/wp\/v2\/posts\/9841\/revisions"}],"predecessor-version":[{"id":9844,"href":"http:\/\/paroquiagloria.org\/v2\/index.php?rest_route=\/wp\/v2\/posts\/9841\/revisions\/9844"}],"wp:featuredmedia":[{"embeddable":true,"href":"http:\/\/paroquiagloria.org\/v2\/index.php?rest_route=\/wp\/v2\/media\/9842"}],"wp:attachment":[{"href":"http:\/\/paroquiagloria.org\/v2\/index.php?rest_route=%2Fwp%2Fv2%2Fmedia&parent=9841"}],"wp:term":[{"taxonomy":"category","embeddable":true,"href":"http:\/\/paroquiagloria.org\/v2\/index.php?rest_route=%2Fwp%2Fv2%2Fcategories&post=9841"},{"taxonomy":"post_tag","embeddable":true,"href":"http:\/\/paroquiagloria.org\/v2\/index.php?rest_route=%2Fwp%2Fv2%2Ftags&post=9841"}],"curies":[{"name":"wp","href":"https:\/\/api.w.org\/{rel}","templated":true}]}}