{"id":9827,"date":"2021-11-06T19:11:30","date_gmt":"2021-11-06T19:11:30","guid":{"rendered":"http:\/\/paroquiagloria.org\/v2\/?p=9827"},"modified":"2021-11-06T19:11:32","modified_gmt":"2021-11-06T19:11:32","slug":"semana-dos-seminarios-6","status":"publish","type":"post","link":"http:\/\/paroquiagloria.org\/v2\/?p=9827","title":{"rendered":"SEMANA DOS SEMIN\u00c1RIOS"},"content":{"rendered":"\n<div class=\"wp-block-image\"><figure class=\"aligncenter size-large\"><a href=\"http:\/\/paroquiagloria.org\/v2\/wp-content\/uploads\/2021\/10\/banner_Seminarioo.jpg\"><img loading=\"lazy\" width=\"960\" height=\"450\" src=\"http:\/\/paroquiagloria.org\/v2\/wp-content\/uploads\/2021\/10\/banner_Seminarioo.jpg\" alt=\"\" class=\"wp-image-9704\" srcset=\"http:\/\/paroquiagloria.org\/v2\/wp-content\/uploads\/2021\/10\/banner_Seminarioo.jpg 960w, http:\/\/paroquiagloria.org\/v2\/wp-content\/uploads\/2021\/10\/banner_Seminarioo-300x141.jpg 300w, http:\/\/paroquiagloria.org\/v2\/wp-content\/uploads\/2021\/10\/banner_Seminarioo-768x360.jpg 768w\" sizes=\"(max-width: 960px) 100vw, 960px\" \/><\/a><\/figure><\/div>\n\n\n\n<p class=\"has-black-color has-text-color\"><strong>TESTEMUNHO DO JO\u00c3O<\/strong><\/p>\n\n\n\n<p>O meu nome \u00e9<strong> Jo\u00e3o Carlos Santos Patr\u00e3o<\/strong>. Tenho 21 anos e sou natural da Figueira da Foz. Em 2019, vim morar para a Gafanha da Nazar\u00e9 e, desde o dia 1 de novembro de 2019, que a S\u00e9 \u00e9 a par\u00f3quia onde estou inserido.<br>\u00c9 certo que a quest\u00e3o vocacional me acompanha desde os meus 13 anos, por ter sido ac\u00f3lito na minha par\u00f3quia de origem, em Buarcos, onde fiz toda a minha inicia\u00e7\u00e3o crist\u00e3 e descobri que servir o Senhor \u00e9 uma felicidade e um compromisso que deve ser assumido sempre na nossa vida e em diversas formas. O sacerd\u00f3cio \u00e9 uma dessas formas, e sempre me interpelou pelo modo de ser do meu p\u00e1roco e, com o crescer, tornou-se depois na identifica\u00e7\u00e3o da mensagem e pessoa de Jesus.<br>Apesar de ter frequentado o Pr\u00e9-Semin\u00e1rio em Coimbra, optei por outro rumo e entrei na Universidade em Lisboa para estudar Ci\u00eancia Pol\u00edtica. Nunca esta quest\u00e3o me deixou, at\u00e9 que a pandemia me ofereceu o tempo para a refletir, rezar- agora com outra maturidade- e perceber que o caminho do sacerd\u00f3cio \u00e9, sem d\u00favida, um caminho a seguir, onde a entrega \u00e9 sin\u00f3nimo de felicidade, porque \u00e9 fazer parte de uma fam\u00edlia inumer\u00e1vel, que \u00e9 a fam\u00edlia de Deus, a Igreja!<br>Pois, neste momento, estou num processo de discernimento vocacional no nosso Semin\u00e1rio, orientado pelo Pe. Jo\u00e3o Santos, onde se procura deixar que o Esp\u00edrito Santo nos desarrume o cora\u00e7\u00e3o e, ao mesmo tempo, nos ajude arrum\u00e1-lo e, assim, descobrir qual \u00e9 o projeto\/miss\u00e3o que Deus nos preparou!<br>Na nossa par\u00f3quia, a convite do nosso p\u00e1roco, sou catequista da adolesc\u00eancia e leitor. Procuro, nesses momentos, servir a comunidade e, por isso, o Senhor!<br><strong>Rezem por n\u00f3s!<\/strong><\/p>\n\n\n\n<figure class=\"wp-block-pullquote\"><blockquote><p><strong>ORA\u00c7\u00c3O<\/strong><\/p><p>Senhor Jesus,<\/p><p>com a intercess\u00e3o e amparo de Maria e de Jos\u00e9,<\/p><p>continua a oferecer \u00e0 Igreja<\/p><p>voca\u00e7\u00f5es sacerdotais fi\u00e9is, felizes e fi\u00e1veis<\/p><p>e faz dos nossos semin\u00e1rios<\/p><p>comunidades de disc\u00edpulos,<\/p><p>onde se vive a comunh\u00e3o,<\/p><p>a participa\u00e7\u00e3o e a miss\u00e3o.<\/p><p>\u00c1men!<\/p><p><\/p><cite>(adapt. Da ora\u00e7\u00e3o para a<br>Semana dos Semin\u00e1rios 2021)<\/cite><\/blockquote><\/figure>\n\n\n\n<div class=\"wp-block-image\"><figure class=\"aligncenter size-large\"><a href=\"http:\/\/paroquiagloria.org\/v2\/wp-content\/uploads\/2021\/10\/banner_Semana-de-Orac\u0327a\u0303o-pelos-Semina\u0301rios-de-2021.jpg\"><img loading=\"lazy\" width=\"960\" height=\"450\" src=\"http:\/\/paroquiagloria.org\/v2\/wp-content\/uploads\/2021\/10\/banner_Semana-de-Orac\u0327a\u0303o-pelos-Semina\u0301rios-de-2021.jpg\" alt=\"\" class=\"wp-image-9794\" srcset=\"http:\/\/paroquiagloria.org\/v2\/wp-content\/uploads\/2021\/10\/banner_Semana-de-Orac\u0327a\u0303o-pelos-Semina\u0301rios-de-2021.jpg 960w, http:\/\/paroquiagloria.org\/v2\/wp-content\/uploads\/2021\/10\/banner_Semana-de-Orac\u0327a\u0303o-pelos-Semina\u0301rios-de-2021-300x141.jpg 300w, http:\/\/paroquiagloria.org\/v2\/wp-content\/uploads\/2021\/10\/banner_Semana-de-Orac\u0327a\u0303o-pelos-Semina\u0301rios-de-2021-768x360.jpg 768w\" sizes=\"(max-width: 960px) 100vw, 960px\" \/><\/a><\/figure><\/div>\n","protected":false},"excerpt":{"rendered":"<p>TESTEMUNHO DO JO\u00c3O O meu nome \u00e9 Jo\u00e3o Carlos Santos Patr\u00e3o. Tenho 21 anos e sou natural da Figueira da Foz. Em 2019, vim morar para a Gafanha da Nazar\u00e9 e, desde o dia 1 de novembro de 2019, que a S\u00e9 \u00e9 a par\u00f3quia onde estou inserido.\u00c9 certo que a quest\u00e3o vocacional me acompanha [&hellip;]<\/p>\n","protected":false},"author":1,"featured_media":9794,"comment_status":"open","ping_status":"closed","sticky":false,"template":"","format":"standard","meta":{"ngg_post_thumbnail":0},"categories":[1,4,2,6,24],"tags":[],"_links":{"self":[{"href":"http:\/\/paroquiagloria.org\/v2\/index.php?rest_route=\/wp\/v2\/posts\/9827"}],"collection":[{"href":"http:\/\/paroquiagloria.org\/v2\/index.php?rest_route=\/wp\/v2\/posts"}],"about":[{"href":"http:\/\/paroquiagloria.org\/v2\/index.php?rest_route=\/wp\/v2\/types\/post"}],"author":[{"embeddable":true,"href":"http:\/\/paroquiagloria.org\/v2\/index.php?rest_route=\/wp\/v2\/users\/1"}],"replies":[{"embeddable":true,"href":"http:\/\/paroquiagloria.org\/v2\/index.php?rest_route=%2Fwp%2Fv2%2Fcomments&post=9827"}],"version-history":[{"count":1,"href":"http:\/\/paroquiagloria.org\/v2\/index.php?rest_route=\/wp\/v2\/posts\/9827\/revisions"}],"predecessor-version":[{"id":9828,"href":"http:\/\/paroquiagloria.org\/v2\/index.php?rest_route=\/wp\/v2\/posts\/9827\/revisions\/9828"}],"wp:featuredmedia":[{"embeddable":true,"href":"http:\/\/paroquiagloria.org\/v2\/index.php?rest_route=\/wp\/v2\/media\/9794"}],"wp:attachment":[{"href":"http:\/\/paroquiagloria.org\/v2\/index.php?rest_route=%2Fwp%2Fv2%2Fmedia&parent=9827"}],"wp:term":[{"taxonomy":"category","embeddable":true,"href":"http:\/\/paroquiagloria.org\/v2\/index.php?rest_route=%2Fwp%2Fv2%2Fcategories&post=9827"},{"taxonomy":"post_tag","embeddable":true,"href":"http:\/\/paroquiagloria.org\/v2\/index.php?rest_route=%2Fwp%2Fv2%2Ftags&post=9827"}],"curies":[{"name":"wp","href":"https:\/\/api.w.org\/{rel}","templated":true}]}}