{"id":9825,"date":"2021-11-06T19:07:47","date_gmt":"2021-11-06T19:07:47","guid":{"rendered":"http:\/\/paroquiagloria.org\/v2\/?p=9825"},"modified":"2021-11-06T19:07:49","modified_gmt":"2021-11-06T19:07:49","slug":"cais-17","status":"publish","type":"post","link":"http:\/\/paroquiagloria.org\/v2\/?p=9825","title":{"rendered":"CAIS +17"},"content":{"rendered":"\n<div class=\"wp-block-image\"><figure class=\"aligncenter size-large\"><a href=\"http:\/\/paroquiagloria.org\/v2\/wp-content\/uploads\/2021\/11\/cais17_vocacoes.jpg\"><img loading=\"lazy\" width=\"960\" height=\"540\" src=\"http:\/\/paroquiagloria.org\/v2\/wp-content\/uploads\/2021\/11\/cais17_vocacoes.jpg\" alt=\"\" class=\"wp-image-9813\" srcset=\"http:\/\/paroquiagloria.org\/v2\/wp-content\/uploads\/2021\/11\/cais17_vocacoes.jpg 960w, http:\/\/paroquiagloria.org\/v2\/wp-content\/uploads\/2021\/11\/cais17_vocacoes-300x169.jpg 300w, http:\/\/paroquiagloria.org\/v2\/wp-content\/uploads\/2021\/11\/cais17_vocacoes-768x432.jpg 768w\" sizes=\"(max-width: 960px) 100vw, 960px\" \/><\/a><\/figure><\/div>\n\n\n\n<p>O Cais +17 \u00e9 um encontro para todos aqueles (rapazes e raparigas) que procuram aprofundar a sua voca\u00e7\u00e3o, promovido pelo Servi\u00e7o de Voca\u00e7\u00f5es, Acolhimento e Forma\u00e7\u00e3o Espiritual da Diocese de Aveiro.<\/p>\n\n\n\n<div class=\"wp-block-image\"><figure class=\"aligncenter size-large\"><a href=\"http:\/\/paroquiagloria.org\/v2\/wp-content\/uploads\/2021\/11\/servicodeacaovocacional.jpg\"><img loading=\"lazy\" width=\"440\" height=\"251\" src=\"http:\/\/paroquiagloria.org\/v2\/wp-content\/uploads\/2021\/11\/servicodeacaovocacional.jpg\" alt=\"\" class=\"wp-image-9811\" srcset=\"http:\/\/paroquiagloria.org\/v2\/wp-content\/uploads\/2021\/11\/servicodeacaovocacional.jpg 440w, http:\/\/paroquiagloria.org\/v2\/wp-content\/uploads\/2021\/11\/servicodeacaovocacional-300x171.jpg 300w\" sizes=\"(max-width: 440px) 100vw, 440px\" \/><\/a><\/figure><\/div>\n\n\n\n<p>Os encontros realizar-se-\u00e3o nos dias 27 de novembro, 5 de mar\u00e7o e 4 de junho no Semin\u00e1rio de Aveiro, entre as 9h30 e as 18 horas.<\/p>\n\n\n\n<p>As inscri\u00e7\u00f5es para o primeiro encontro est\u00e3o abertas at\u00e9 ao pr\u00f3ximo dia 25 de novembro e podem ser feitas por email enviado para\u00a0<a href=\"mailto:sdv@diocese-aveiro.pt\">sdv@diocese-aveiro.pt<\/a>\u00a0ou por inscri\u00e7\u00e3o em\u00a0<a href=\"https:\/\/docs.google.com\/forms\/d\/e\/1FAIpQLSe_ejJvhmWoDrIFB993kmOJRbHVBm790kqlgRln6mVMdedtug\/viewform\">forms.gle\/aCWhBBUB6kDxf61z6<\/a>. Existe um valor de 10 euros associado \u00e0 inscri\u00e7\u00e3o, mas a dificuldade de pagar o valor n\u00e3o \u00e9 impeditiva de participar no encontro.<\/p>\n\n\n\n<p>Outras Informa\u00e7\u00f5es na <a href=\"https:\/\/www.diocese-aveiro.pt\/v2\/?p=21600\" data-type=\"URL\" data-id=\"https:\/\/www.diocese-aveiro.pt\/v2\/?p=21600\" target=\"_blank\" rel=\"noreferrer noopener\">Diocese <\/a>e no <a href=\"https:\/\/diocese-aveiro.pt\/vocacoes\/\" data-type=\"URL\" data-id=\"https:\/\/diocese-aveiro.pt\/vocacoes\/\" target=\"_blank\" rel=\"noreferrer noopener\">Servi\u00e7o de Voca\u00e7\u00f5es<\/a><\/p>\n","protected":false},"excerpt":{"rendered":"<p>O Cais +17 \u00e9 um encontro para todos aqueles (rapazes e raparigas) que procuram aprofundar a sua voca\u00e7\u00e3o, promovido pelo Servi\u00e7o de Voca\u00e7\u00f5es, Acolhimento e Forma\u00e7\u00e3o Espiritual da Diocese de Aveiro. Os encontros realizar-se-\u00e3o nos dias 27 de novembro, 5 de mar\u00e7o e 4 de junho no Semin\u00e1rio de Aveiro, entre as 9h30 e as [&hellip;]<\/p>\n","protected":false},"author":1,"featured_media":9813,"comment_status":"open","ping_status":"closed","sticky":false,"template":"","format":"standard","meta":{"ngg_post_thumbnail":0},"categories":[1,4,2,6,24],"tags":[],"_links":{"self":[{"href":"http:\/\/paroquiagloria.org\/v2\/index.php?rest_route=\/wp\/v2\/posts\/9825"}],"collection":[{"href":"http:\/\/paroquiagloria.org\/v2\/index.php?rest_route=\/wp\/v2\/posts"}],"about":[{"href":"http:\/\/paroquiagloria.org\/v2\/index.php?rest_route=\/wp\/v2\/types\/post"}],"author":[{"embeddable":true,"href":"http:\/\/paroquiagloria.org\/v2\/index.php?rest_route=\/wp\/v2\/users\/1"}],"replies":[{"embeddable":true,"href":"http:\/\/paroquiagloria.org\/v2\/index.php?rest_route=%2Fwp%2Fv2%2Fcomments&post=9825"}],"version-history":[{"count":1,"href":"http:\/\/paroquiagloria.org\/v2\/index.php?rest_route=\/wp\/v2\/posts\/9825\/revisions"}],"predecessor-version":[{"id":9826,"href":"http:\/\/paroquiagloria.org\/v2\/index.php?rest_route=\/wp\/v2\/posts\/9825\/revisions\/9826"}],"wp:featuredmedia":[{"embeddable":true,"href":"http:\/\/paroquiagloria.org\/v2\/index.php?rest_route=\/wp\/v2\/media\/9813"}],"wp:attachment":[{"href":"http:\/\/paroquiagloria.org\/v2\/index.php?rest_route=%2Fwp%2Fv2%2Fmedia&parent=9825"}],"wp:term":[{"taxonomy":"category","embeddable":true,"href":"http:\/\/paroquiagloria.org\/v2\/index.php?rest_route=%2Fwp%2Fv2%2Fcategories&post=9825"},{"taxonomy":"post_tag","embeddable":true,"href":"http:\/\/paroquiagloria.org\/v2\/index.php?rest_route=%2Fwp%2Fv2%2Ftags&post=9825"}],"curies":[{"name":"wp","href":"https:\/\/api.w.org\/{rel}","templated":true}]}}