{"id":9823,"date":"2021-11-06T19:04:30","date_gmt":"2021-11-06T19:04:30","guid":{"rendered":"http:\/\/paroquiagloria.org\/v2\/?p=9823"},"modified":"2021-11-06T19:04:31","modified_gmt":"2021-11-06T19:04:31","slug":"seminaristas-da-diocese-de-aveiro","status":"publish","type":"post","link":"http:\/\/paroquiagloria.org\/v2\/?p=9823","title":{"rendered":"Seminaristas da Diocese de Aveiro"},"content":{"rendered":"\n<div class=\"wp-block-image\"><figure class=\"aligncenter size-large\"><a href=\"http:\/\/paroquiagloria.org\/v2\/wp-content\/uploads\/2021\/11\/seminaristas_Av2021.jpg\"><img loading=\"lazy\" width=\"1024\" height=\"600\" src=\"http:\/\/paroquiagloria.org\/v2\/wp-content\/uploads\/2021\/11\/seminaristas_Av2021-1024x600.jpg\" alt=\"\" class=\"wp-image-9816\" srcset=\"http:\/\/paroquiagloria.org\/v2\/wp-content\/uploads\/2021\/11\/seminaristas_Av2021-1024x600.jpg 1024w, http:\/\/paroquiagloria.org\/v2\/wp-content\/uploads\/2021\/11\/seminaristas_Av2021-300x176.jpg 300w, http:\/\/paroquiagloria.org\/v2\/wp-content\/uploads\/2021\/11\/seminaristas_Av2021-768x450.jpg 768w, http:\/\/paroquiagloria.org\/v2\/wp-content\/uploads\/2021\/11\/seminaristas_Av2021-1536x900.jpg 1536w, http:\/\/paroquiagloria.org\/v2\/wp-content\/uploads\/2021\/11\/seminaristas_Av2021.jpg 1706w\" sizes=\"(max-width: 1024px) 100vw, 1024px\" \/><\/a><\/figure><\/div>\n\n\n\n<p>Atualmente encontram-se tr\u00eas rapazes a frequentarem o Semin\u00e1rio dos Olivais (em Lisboa) que fazem o caminho de prepara\u00e7\u00e3o para serem Padres. S\u00e3o eles:<br>\u2022 Rafael Oliveira, 4\u00b0 ano, par\u00f3quia de S\u00e3o Salvador de \u00cdlhavo (<em>ao centro<\/em>)<br>\u2022 Guilherme Reis, 1\u00ba ano, par\u00f3quia da Barra (<em>\u00e0 esquerda<\/em>)<br>\u2022 Jo\u00e3o Rendeiro, 1\u00ba ano, par\u00f3quia de Pardilh\u00f3 (<em>\u00e0 direita<\/em>)<\/p>\n","protected":false},"excerpt":{"rendered":"<p>Atualmente encontram-se tr\u00eas rapazes a frequentarem o Semin\u00e1rio dos Olivais (em Lisboa) que fazem o caminho de prepara\u00e7\u00e3o para serem Padres. S\u00e3o eles:\u2022 Rafael Oliveira, 4\u00b0 ano, par\u00f3quia de S\u00e3o Salvador de \u00cdlhavo (ao centro)\u2022 Guilherme Reis, 1\u00ba ano, par\u00f3quia da Barra (\u00e0 esquerda)\u2022 Jo\u00e3o Rendeiro, 1\u00ba ano, par\u00f3quia de Pardilh\u00f3 (\u00e0 direita)<\/p>\n","protected":false},"author":1,"featured_media":9816,"comment_status":"open","ping_status":"closed","sticky":false,"template":"","format":"standard","meta":{"ngg_post_thumbnail":0},"categories":[1,4,2,6,24],"tags":[],"_links":{"self":[{"href":"http:\/\/paroquiagloria.org\/v2\/index.php?rest_route=\/wp\/v2\/posts\/9823"}],"collection":[{"href":"http:\/\/paroquiagloria.org\/v2\/index.php?rest_route=\/wp\/v2\/posts"}],"about":[{"href":"http:\/\/paroquiagloria.org\/v2\/index.php?rest_route=\/wp\/v2\/types\/post"}],"author":[{"embeddable":true,"href":"http:\/\/paroquiagloria.org\/v2\/index.php?rest_route=\/wp\/v2\/users\/1"}],"replies":[{"embeddable":true,"href":"http:\/\/paroquiagloria.org\/v2\/index.php?rest_route=%2Fwp%2Fv2%2Fcomments&post=9823"}],"version-history":[{"count":1,"href":"http:\/\/paroquiagloria.org\/v2\/index.php?rest_route=\/wp\/v2\/posts\/9823\/revisions"}],"predecessor-version":[{"id":9824,"href":"http:\/\/paroquiagloria.org\/v2\/index.php?rest_route=\/wp\/v2\/posts\/9823\/revisions\/9824"}],"wp:featuredmedia":[{"embeddable":true,"href":"http:\/\/paroquiagloria.org\/v2\/index.php?rest_route=\/wp\/v2\/media\/9816"}],"wp:attachment":[{"href":"http:\/\/paroquiagloria.org\/v2\/index.php?rest_route=%2Fwp%2Fv2%2Fmedia&parent=9823"}],"wp:term":[{"taxonomy":"category","embeddable":true,"href":"http:\/\/paroquiagloria.org\/v2\/index.php?rest_route=%2Fwp%2Fv2%2Fcategories&post=9823"},{"taxonomy":"post_tag","embeddable":true,"href":"http:\/\/paroquiagloria.org\/v2\/index.php?rest_route=%2Fwp%2Fv2%2Ftags&post=9823"}],"curies":[{"name":"wp","href":"https:\/\/api.w.org\/{rel}","templated":true}]}}