{"id":9821,"date":"2021-11-06T19:01:14","date_gmt":"2021-11-06T19:01:14","guid":{"rendered":"http:\/\/paroquiagloria.org\/v2\/?p=9821"},"modified":"2021-11-06T19:01:15","modified_gmt":"2021-11-06T19:01:15","slug":"dia-mundial-da-juventude-2021","status":"publish","type":"post","link":"http:\/\/paroquiagloria.org\/v2\/?p=9821","title":{"rendered":"Dia Mundial da Juventude 2021"},"content":{"rendered":"\n<div class=\"wp-block-image\"><figure class=\"aligncenter size-large\"><a href=\"http:\/\/paroquiagloria.org\/v2\/wp-content\/uploads\/2021\/11\/Aveiro_Departamento-da-Pastoral-Juvenil_JMJ-2021.jpg\"><img loading=\"lazy\" width=\"1024\" height=\"1024\" src=\"http:\/\/paroquiagloria.org\/v2\/wp-content\/uploads\/2021\/11\/Aveiro_Departamento-da-Pastoral-Juvenil_JMJ-2021-1024x1024.jpg\" alt=\"\" class=\"wp-image-9814\" srcset=\"http:\/\/paroquiagloria.org\/v2\/wp-content\/uploads\/2021\/11\/Aveiro_Departamento-da-Pastoral-Juvenil_JMJ-2021-1024x1024.jpg 1024w, http:\/\/paroquiagloria.org\/v2\/wp-content\/uploads\/2021\/11\/Aveiro_Departamento-da-Pastoral-Juvenil_JMJ-2021-300x300.jpg 300w, http:\/\/paroquiagloria.org\/v2\/wp-content\/uploads\/2021\/11\/Aveiro_Departamento-da-Pastoral-Juvenil_JMJ-2021-150x150.jpg 150w, http:\/\/paroquiagloria.org\/v2\/wp-content\/uploads\/2021\/11\/Aveiro_Departamento-da-Pastoral-Juvenil_JMJ-2021-768x768.jpg 768w, http:\/\/paroquiagloria.org\/v2\/wp-content\/uploads\/2021\/11\/Aveiro_Departamento-da-Pastoral-Juvenil_JMJ-2021-185x185.jpg 185w, http:\/\/paroquiagloria.org\/v2\/wp-content\/uploads\/2021\/11\/Aveiro_Departamento-da-Pastoral-Juvenil_JMJ-2021-184x184.jpg 184w, http:\/\/paroquiagloria.org\/v2\/wp-content\/uploads\/2021\/11\/Aveiro_Departamento-da-Pastoral-Juvenil_JMJ-2021.jpg 1080w\" sizes=\"(max-width: 1024px) 100vw, 1024px\" \/><\/a><\/figure><\/div>\n\n\n\n<p><strong>As inscri\u00e7\u00f5es j\u00e1 est\u00e3o abertas!<\/strong><br>Reserva j\u00e1 este dia e inscreve-te com o teu grupo atrav\u00e9s do link:<br><a href=\"https:\/\/docs.google.com\/forms\/d\/e\/1FAIpQLSf-KljJCV0b_tpLOjLkg1IqmORq2kWNoBtaLoFM_xp2Ry2FKw\/viewform?fbclid=IwAR3-pX8-9PVTa7iAlrJjUmuYQEfqKa_2-KFl-AV4CKhi5Ier_Ny8KiizFfg\" target=\"_blank\" rel=\"noreferrer noopener\">https:\/\/docs.google.com\/\u2026\/1FAIpQLSf-KljJCV0b\u2026\/viewform<\/a><br>O DMJ 2021 ser\u00e1 realizado no dia 20 de Novembro, entre as 14h e as 00h, no Arciprestado de \u00cdlhavo, mais concretamente na zona costeira da nossa Diocese (Costa Nova &#8211; Barra).<\/p>\n\n\n\n<p><\/p>\n\n\n\n<p>mais informa\u00e7\u00f5es: <a rel=\"noreferrer noopener\" href=\"http:\/\/www.diocese-aveiro.pt\/v2\/?p=21612\" data-type=\"URL\" data-id=\"http:\/\/www.diocese-aveiro.pt\/v2\/?p=21612\" target=\"_blank\">DPJA<\/a> e <a href=\"https:\/\/agencia.ecclesia.pt\/portal\/evento\/aveiro-departamento-da-pastoral-juvenil-prepara-encontro-da-juventude-na-costa-nova-barra\/\" data-type=\"URL\" data-id=\"https:\/\/agencia.ecclesia.pt\/portal\/evento\/aveiro-departamento-da-pastoral-juvenil-prepara-encontro-da-juventude-na-costa-nova-barra\/\" target=\"_blank\" rel=\"noreferrer noopener\">Ecclesia<\/a><\/p>\n","protected":false},"excerpt":{"rendered":"<p>As inscri\u00e7\u00f5es j\u00e1 est\u00e3o abertas!Reserva j\u00e1 este dia e inscreve-te com o teu grupo atrav\u00e9s do link:https:\/\/docs.google.com\/\u2026\/1FAIpQLSf-KljJCV0b\u2026\/viewformO DMJ 2021 ser\u00e1 realizado no dia 20 de Novembro, entre as 14h e as 00h, no Arciprestado de \u00cdlhavo, mais concretamente na zona costeira da nossa Diocese (Costa Nova &#8211; Barra). mais informa\u00e7\u00f5es: DPJA e Ecclesia<\/p>\n","protected":false},"author":1,"featured_media":9814,"comment_status":"open","ping_status":"closed","sticky":false,"template":"","format":"standard","meta":{"ngg_post_thumbnail":0},"categories":[1,4,2,6,24],"tags":[],"_links":{"self":[{"href":"http:\/\/paroquiagloria.org\/v2\/index.php?rest_route=\/wp\/v2\/posts\/9821"}],"collection":[{"href":"http:\/\/paroquiagloria.org\/v2\/index.php?rest_route=\/wp\/v2\/posts"}],"about":[{"href":"http:\/\/paroquiagloria.org\/v2\/index.php?rest_route=\/wp\/v2\/types\/post"}],"author":[{"embeddable":true,"href":"http:\/\/paroquiagloria.org\/v2\/index.php?rest_route=\/wp\/v2\/users\/1"}],"replies":[{"embeddable":true,"href":"http:\/\/paroquiagloria.org\/v2\/index.php?rest_route=%2Fwp%2Fv2%2Fcomments&post=9821"}],"version-history":[{"count":1,"href":"http:\/\/paroquiagloria.org\/v2\/index.php?rest_route=\/wp\/v2\/posts\/9821\/revisions"}],"predecessor-version":[{"id":9822,"href":"http:\/\/paroquiagloria.org\/v2\/index.php?rest_route=\/wp\/v2\/posts\/9821\/revisions\/9822"}],"wp:featuredmedia":[{"embeddable":true,"href":"http:\/\/paroquiagloria.org\/v2\/index.php?rest_route=\/wp\/v2\/media\/9814"}],"wp:attachment":[{"href":"http:\/\/paroquiagloria.org\/v2\/index.php?rest_route=%2Fwp%2Fv2%2Fmedia&parent=9821"}],"wp:term":[{"taxonomy":"category","embeddable":true,"href":"http:\/\/paroquiagloria.org\/v2\/index.php?rest_route=%2Fwp%2Fv2%2Fcategories&post=9821"},{"taxonomy":"post_tag","embeddable":true,"href":"http:\/\/paroquiagloria.org\/v2\/index.php?rest_route=%2Fwp%2Fv2%2Ftags&post=9821"}],"curies":[{"name":"wp","href":"https:\/\/api.w.org\/{rel}","templated":true}]}}