{"id":9819,"date":"2021-11-06T18:56:59","date_gmt":"2021-11-06T18:56:59","guid":{"rendered":"http:\/\/paroquiagloria.org\/v2\/?p=9819"},"modified":"2021-11-06T18:57:00","modified_gmt":"2021-11-06T18:57:00","slug":"v-dia-mundial-do-pobre","status":"publish","type":"post","link":"http:\/\/paroquiagloria.org\/v2\/?p=9819","title":{"rendered":"V Dia Mundial do Pobre"},"content":{"rendered":"\n<div class=\"wp-block-image\"><figure class=\"aligncenter size-large\"><a href=\"http:\/\/paroquiagloria.org\/v2\/wp-content\/uploads\/2021\/11\/DMPobre2021-scaled-1.jpg\"><img loading=\"lazy\" width=\"724\" height=\"1024\" src=\"http:\/\/paroquiagloria.org\/v2\/wp-content\/uploads\/2021\/11\/DMPobre2021-scaled-1-724x1024.jpg\" alt=\"\" class=\"wp-image-9812\" srcset=\"http:\/\/paroquiagloria.org\/v2\/wp-content\/uploads\/2021\/11\/DMPobre2021-scaled-1-724x1024.jpg 724w, http:\/\/paroquiagloria.org\/v2\/wp-content\/uploads\/2021\/11\/DMPobre2021-scaled-1-212x300.jpg 212w, http:\/\/paroquiagloria.org\/v2\/wp-content\/uploads\/2021\/11\/DMPobre2021-scaled-1-768x1086.jpg 768w, http:\/\/paroquiagloria.org\/v2\/wp-content\/uploads\/2021\/11\/DMPobre2021-scaled-1-1086x1536.jpg 1086w, http:\/\/paroquiagloria.org\/v2\/wp-content\/uploads\/2021\/11\/DMPobre2021-scaled-1-1448x2048.jpg 1448w, http:\/\/paroquiagloria.org\/v2\/wp-content\/uploads\/2021\/11\/DMPobre2021-scaled-1.jpg 1810w\" sizes=\"(max-width: 724px) 100vw, 724px\" \/><\/a><\/figure><\/div>\n\n\n\n<p>O Secretariado Diocesano da Pastoral S\u00f3cio Caritativa, no \u00e2mbito da comemora\u00e7\u00e3o do V Dia Mundial do Pobre, encontra-se a organizar um Encontro de reflex\u00e3o no dia 14 de Novembro, \u00e0s 14h30m, no audit\u00f3rio do Semin\u00e1rio de Santa Joana.<br>A tem\u00e1tica do Encontro <strong>\u201cSempre tereis pobres entre v\u00f3s\u201d.<\/strong><br>Este encontro contar\u00e1 com a presen\u00e7a de D. Ant\u00f3nio Moiteiro e do Prof. Eug\u00e9nio da Fonseca. Terminar\u00e1 com a celebra\u00e7\u00e3o da Eucaristia \u00e0s 16h00 na Igreja do Semin\u00e1rio de Santa Joana.<br>Esperamos poder contar com a sua presen\u00e7a!<\/p>\n\n\n\n<p class=\"has-text-align-right\"><em>fonte:<\/em> <em><a href=\"https:\/\/www.diocese-aveiro.pt\/v2\/?p=21596\" data-type=\"URL\" data-id=\"https:\/\/www.diocese-aveiro.pt\/v2\/?p=21596\" target=\"_blank\" rel=\"noreferrer noopener\">Diocese de Aveiro<\/a><\/em><\/p>\n","protected":false},"excerpt":{"rendered":"<p>O Secretariado Diocesano da Pastoral S\u00f3cio Caritativa, no \u00e2mbito da comemora\u00e7\u00e3o do V Dia Mundial do Pobre, encontra-se a organizar um Encontro de reflex\u00e3o no dia 14 de Novembro, \u00e0s 14h30m, no audit\u00f3rio do Semin\u00e1rio de Santa Joana.A tem\u00e1tica do Encontro \u201cSempre tereis pobres entre v\u00f3s\u201d.Este encontro contar\u00e1 com a presen\u00e7a de D. Ant\u00f3nio Moiteiro [&hellip;]<\/p>\n","protected":false},"author":1,"featured_media":9812,"comment_status":"open","ping_status":"closed","sticky":false,"template":"","format":"standard","meta":{"ngg_post_thumbnail":0},"categories":[1,4,2,6,24],"tags":[],"_links":{"self":[{"href":"http:\/\/paroquiagloria.org\/v2\/index.php?rest_route=\/wp\/v2\/posts\/9819"}],"collection":[{"href":"http:\/\/paroquiagloria.org\/v2\/index.php?rest_route=\/wp\/v2\/posts"}],"about":[{"href":"http:\/\/paroquiagloria.org\/v2\/index.php?rest_route=\/wp\/v2\/types\/post"}],"author":[{"embeddable":true,"href":"http:\/\/paroquiagloria.org\/v2\/index.php?rest_route=\/wp\/v2\/users\/1"}],"replies":[{"embeddable":true,"href":"http:\/\/paroquiagloria.org\/v2\/index.php?rest_route=%2Fwp%2Fv2%2Fcomments&post=9819"}],"version-history":[{"count":1,"href":"http:\/\/paroquiagloria.org\/v2\/index.php?rest_route=\/wp\/v2\/posts\/9819\/revisions"}],"predecessor-version":[{"id":9820,"href":"http:\/\/paroquiagloria.org\/v2\/index.php?rest_route=\/wp\/v2\/posts\/9819\/revisions\/9820"}],"wp:featuredmedia":[{"embeddable":true,"href":"http:\/\/paroquiagloria.org\/v2\/index.php?rest_route=\/wp\/v2\/media\/9812"}],"wp:attachment":[{"href":"http:\/\/paroquiagloria.org\/v2\/index.php?rest_route=%2Fwp%2Fv2%2Fmedia&parent=9819"}],"wp:term":[{"taxonomy":"category","embeddable":true,"href":"http:\/\/paroquiagloria.org\/v2\/index.php?rest_route=%2Fwp%2Fv2%2Fcategories&post=9819"},{"taxonomy":"post_tag","embeddable":true,"href":"http:\/\/paroquiagloria.org\/v2\/index.php?rest_route=%2Fwp%2Fv2%2Ftags&post=9819"}],"curies":[{"name":"wp","href":"https:\/\/api.w.org\/{rel}","templated":true}]}}