{"id":9799,"date":"2021-10-30T19:13:58","date_gmt":"2021-10-30T19:13:58","guid":{"rendered":"http:\/\/paroquiagloria.org\/v2\/?p=9799"},"modified":"2021-10-30T19:23:31","modified_gmt":"2021-10-30T19:23:31","slug":"semana-dos-seminarios-5","status":"publish","type":"post","link":"http:\/\/paroquiagloria.org\/v2\/?p=9799","title":{"rendered":"SEMANA DOS SEMIN\u00c1RIOS"},"content":{"rendered":"\n<div class=\"wp-block-image\"><figure class=\"aligncenter size-large\"><a href=\"http:\/\/paroquiagloria.org\/v2\/wp-content\/uploads\/2021\/10\/semana_seminarios_2021_small.jpg\"><img loading=\"lazy\" width=\"768\" height=\"1024\" src=\"http:\/\/paroquiagloria.org\/v2\/wp-content\/uploads\/2021\/10\/semana_seminarios_2021_small-768x1024.jpg\" alt=\"\" class=\"wp-image-9795\" srcset=\"http:\/\/paroquiagloria.org\/v2\/wp-content\/uploads\/2021\/10\/semana_seminarios_2021_small-768x1024.jpg 768w, http:\/\/paroquiagloria.org\/v2\/wp-content\/uploads\/2021\/10\/semana_seminarios_2021_small-225x300.jpg 225w, http:\/\/paroquiagloria.org\/v2\/wp-content\/uploads\/2021\/10\/semana_seminarios_2021_small-1151x1536.jpg 1151w, http:\/\/paroquiagloria.org\/v2\/wp-content\/uploads\/2021\/10\/semana_seminarios_2021_small-1535x2048.jpg 1535w, http:\/\/paroquiagloria.org\/v2\/wp-content\/uploads\/2021\/10\/semana_seminarios_2021_small.jpg 1644w\" sizes=\"(max-width: 768px) 100vw, 768px\" \/><\/a><\/figure><\/div>\n\n\n\n<p>De 31 de Outubro a 7 de Novembro ocorre, este ano, a &#8220;Semana dos Semin\u00e1rios&#8221; em todas as Dioceses e na nossa tamb\u00e9m. Pretende-se que seja um tempo de Ora\u00e7\u00e3o mais intensa, segundo a vontade de Jesus, que nos manda &#8220;pedir trabalhadores para a messe&#8221;, mas tamb\u00e9m de solidariedade afectiva e efectiva para com os nossos Semin\u00e1rios.<br>Quando falamos dos nossos Semin\u00e1rios, n\u00e3o nos referimos apenas ao de Santa Joana Princesa, constru\u00eddo na \u00e1rea da Par\u00f3quia, mas tamb\u00e9m \u00e0queles onde vivem e se preparam para o Sacerd\u00f3cio os nossos seminaristas mais velhos.<br>A Diocese de Aveiro tem neste momento, em Lisboa, apenas 3 &#8220;seminaristas maiores&#8221;, um no 4\u00b0 ano de Teologia e 2 no primeiro. Mas temos tamb\u00e9m o pr\u00e9-Semin\u00e1rio ou Semin\u00e1rio em fam\u00edlia, frequentado por rapazes a partir dos 11\/12 anos, que se v\u00e3o periodicamente encontrando com o Sr. Reitor, em processo de discernimento vocacional.<br>A Par\u00f3quia de Nossa Senhora da Gl\u00f3ria d\u00e1 gra\u00e7as a Deus pelos 7 rapazes que tem, neste momento, em processo de discernimento, mas quer mais. Por isso vai rezar mais e melhor, e sempre, para que o Senhor &#8220;mande oper\u00e1rios para a Sua messe&#8221;.<\/p>\n\n\n\n<p><\/p>\n\n\n\n<div class=\"wp-block-image\"><figure class=\"aligncenter size-large\"><a href=\"http:\/\/paroquiagloria.org\/v2\/wp-content\/uploads\/2021\/10\/Seminarioo.jpg\"><img loading=\"lazy\" width=\"943\" height=\"1024\" src=\"http:\/\/paroquiagloria.org\/v2\/wp-content\/uploads\/2021\/10\/Seminarioo-943x1024.jpg\" alt=\"\" class=\"wp-image-9703\" srcset=\"http:\/\/paroquiagloria.org\/v2\/wp-content\/uploads\/2021\/10\/Seminarioo-943x1024.jpg 943w, http:\/\/paroquiagloria.org\/v2\/wp-content\/uploads\/2021\/10\/Seminarioo-276x300.jpg 276w, http:\/\/paroquiagloria.org\/v2\/wp-content\/uploads\/2021\/10\/Seminarioo-768x834.jpg 768w, http:\/\/paroquiagloria.org\/v2\/wp-content\/uploads\/2021\/10\/Seminarioo.jpg 960w\" sizes=\"(max-width: 943px) 100vw, 943px\" \/><\/a><\/figure><\/div>\n\n\n\n<p class=\"has-drop-cap has-vivid-purple-color has-text-color\"><strong>TESTEMUNHOS<\/strong><\/p>\n\n\n\n<figure class=\"wp-block-pullquote\"><blockquote class=\"has-text-color has-black-color\"><p>Sou o Tiago e frequento o 8\u00ba ano de escolaridade.<\/p><p>Fui pela primeira vez para o Semin\u00e1rio quando estava no 5\u00ba ano de Catequese, e desde a\u00ed continuo a ir por ser um local especial, e porque quero estar mais pr\u00f3ximo de Jesus. Gosto de ir para l\u00e1 aprender sobre Deus, conviver com os outros rapazes que tamb\u00e9m gostam de ir l\u00e1 e divertimo-nos a fazer jogos sobre a B\u00edblia, sobre Jesus e os seus disc\u00edpulos, tamb\u00e9m brincamos e vamos ao campo de futebol jogar.<\/p><\/blockquote><\/figure>\n\n\n\n<figure class=\"wp-block-pullquote\"><blockquote class=\"has-text-color has-black-color\"><p>Sou o Jo\u00e3o Francisco Cavaleiro e frequento o 7\u00baano de escolaridade.<\/p><p>Para mim o pr\u00e9-semin\u00e1rio \u00e9 um momento em que eu me re\u00fano com outros adolescentes da minha idade para, essencialmente, falar do nosso amigo Jesus. Tamb\u00e9m realizamos outras atividades, como por exemplo, jogamos futebol, matraquilhos, fazemos origamis, e muito mais\u2026 Al\u00e9m disso, criamos novas amizades, novos conhecimentos, acerca do mundo e de Jesus, e vamo-nos conhecendo melhor a n\u00f3s pr\u00f3prios para definirmos o caminho da nossa voca\u00e7\u00e3o.<\/p><\/blockquote><\/figure>\n\n\n\n<p><\/p>\n\n\n\n<p><a rel=\"noreferrer noopener\" href=\"https:\/\/agencia.ecclesia.pt\/portal\/evento\/vocacoes-igreja-catolica-vai-celebrar-semana-dos-seminarios\/\" data-type=\"URL\" data-id=\"https:\/\/agencia.ecclesia.pt\/portal\/evento\/vocacoes-igreja-catolica-vai-celebrar-semana-dos-seminarios\/\" target=\"_blank\">MAIS INFORMA\u00c7\u00d5ES<\/a><\/p>\n\n\n\n<p><\/p>\n","protected":false},"excerpt":{"rendered":"<p>De 31 de Outubro a 7 de Novembro ocorre, este ano, a &#8220;Semana dos Semin\u00e1rios&#8221; em todas as Dioceses e na nossa tamb\u00e9m. Pretende-se que seja um tempo de Ora\u00e7\u00e3o mais intensa, segundo a vontade de Jesus, que nos manda &#8220;pedir trabalhadores para a messe&#8221;, mas tamb\u00e9m de solidariedade afectiva e efectiva para com os [&hellip;]<\/p>\n","protected":false},"author":1,"featured_media":9794,"comment_status":"open","ping_status":"closed","sticky":false,"template":"","format":"standard","meta":{"ngg_post_thumbnail":0},"categories":[1,4,2,6,24],"tags":[],"_links":{"self":[{"href":"http:\/\/paroquiagloria.org\/v2\/index.php?rest_route=\/wp\/v2\/posts\/9799"}],"collection":[{"href":"http:\/\/paroquiagloria.org\/v2\/index.php?rest_route=\/wp\/v2\/posts"}],"about":[{"href":"http:\/\/paroquiagloria.org\/v2\/index.php?rest_route=\/wp\/v2\/types\/post"}],"author":[{"embeddable":true,"href":"http:\/\/paroquiagloria.org\/v2\/index.php?rest_route=\/wp\/v2\/users\/1"}],"replies":[{"embeddable":true,"href":"http:\/\/paroquiagloria.org\/v2\/index.php?rest_route=%2Fwp%2Fv2%2Fcomments&post=9799"}],"version-history":[{"count":6,"href":"http:\/\/paroquiagloria.org\/v2\/index.php?rest_route=\/wp\/v2\/posts\/9799\/revisions"}],"predecessor-version":[{"id":9807,"href":"http:\/\/paroquiagloria.org\/v2\/index.php?rest_route=\/wp\/v2\/posts\/9799\/revisions\/9807"}],"wp:featuredmedia":[{"embeddable":true,"href":"http:\/\/paroquiagloria.org\/v2\/index.php?rest_route=\/wp\/v2\/media\/9794"}],"wp:attachment":[{"href":"http:\/\/paroquiagloria.org\/v2\/index.php?rest_route=%2Fwp%2Fv2%2Fmedia&parent=9799"}],"wp:term":[{"taxonomy":"category","embeddable":true,"href":"http:\/\/paroquiagloria.org\/v2\/index.php?rest_route=%2Fwp%2Fv2%2Fcategories&post=9799"},{"taxonomy":"post_tag","embeddable":true,"href":"http:\/\/paroquiagloria.org\/v2\/index.php?rest_route=%2Fwp%2Fv2%2Ftags&post=9799"}],"curies":[{"name":"wp","href":"https:\/\/api.w.org\/{rel}","templated":true}]}}