{"id":9797,"date":"2021-10-30T19:09:56","date_gmt":"2021-10-30T19:09:56","guid":{"rendered":"http:\/\/paroquiagloria.org\/v2\/?p=9797"},"modified":"2021-10-30T19:09:57","modified_gmt":"2021-10-30T19:09:57","slug":"dia-nacional-da-sociedade-de-s-vicente-de-paulo-ssvp","status":"publish","type":"post","link":"http:\/\/paroquiagloria.org\/v2\/?p=9797","title":{"rendered":"Dia Nacional da Sociedade de S. Vicente de Paulo (SSVP)"},"content":{"rendered":"\n<div class=\"wp-block-image\"><figure class=\"aligncenter size-large\"><a href=\"http:\/\/paroquiagloria.org\/v2\/wp-content\/uploads\/2021\/10\/banner_Dia-de-Sao-Vicente-de-Paulo.jpg\"><img loading=\"lazy\" width=\"960\" height=\"504\" src=\"http:\/\/paroquiagloria.org\/v2\/wp-content\/uploads\/2021\/10\/banner_Dia-de-Sao-Vicente-de-Paulo.jpg\" alt=\"\" class=\"wp-image-9793\" srcset=\"http:\/\/paroquiagloria.org\/v2\/wp-content\/uploads\/2021\/10\/banner_Dia-de-Sao-Vicente-de-Paulo.jpg 960w, http:\/\/paroquiagloria.org\/v2\/wp-content\/uploads\/2021\/10\/banner_Dia-de-Sao-Vicente-de-Paulo-300x158.jpg 300w, http:\/\/paroquiagloria.org\/v2\/wp-content\/uploads\/2021\/10\/banner_Dia-de-Sao-Vicente-de-Paulo-768x403.jpg 768w\" sizes=\"(max-width: 960px) 100vw, 960px\" \/><\/a><\/figure><\/div>\n\n\n\n<p>O \u00faltimo Domingo de outubro \u00e9 o anivers\u00e1rio da SSVP, ou Confer\u00eancias Vicentinas, e passam 162 anos desde que foi criada a primeira Sociedade em Portugal.<br>As Confer\u00eancias Vicentinas s\u00e3o um grupo de crist\u00e3os leigos que procuram \u201cservir a Cristo na pessoa do pobre, segundo o exemplo e esp\u00edrito de S. Vicente de Paulo e de Ant\u00f3nio Frederico Ozanam e, assim, ser sinal de fraternidade para este mundo e motor duma ordem social mais justa, vendo em todo o homem um irm\u00e3o.\u201d Concretizam o seu trabalho junto dos mais desfavorecidos atrav\u00e9s da evangeliza\u00e7\u00e3o, que sup\u00f5e a mudan\u00e7a concreta de vida de cada Vicentino e de cada fam\u00edlia que ajudam.<br>Que todos os Vicentinos na nossa par\u00f3quia e no nosso pa\u00eds o sejam, pela palavra e pelo exemplo de vida junto dos mais pobres, e contribuam para uma sociedade mais justa e mais fraterna.<\/p>\n\n\n\n<div class=\"wp-block-image\"><figure class=\"aligncenter size-large\"><a href=\"http:\/\/paroquiagloria.org\/v2\/wp-content\/uploads\/2013\/02\/S\u00e3o-Vicente-de-Paulo.jpg\"><img loading=\"lazy\" width=\"277\" height=\"400\" src=\"http:\/\/paroquiagloria.org\/v2\/wp-content\/uploads\/2013\/02\/S\u00e3o-Vicente-de-Paulo.jpg\" alt=\"\" class=\"wp-image-562\" srcset=\"http:\/\/paroquiagloria.org\/v2\/wp-content\/uploads\/2013\/02\/S\u00e3o-Vicente-de-Paulo.jpg 277w, http:\/\/paroquiagloria.org\/v2\/wp-content\/uploads\/2013\/02\/S\u00e3o-Vicente-de-Paulo-207x300.jpg 207w\" sizes=\"(max-width: 277px) 100vw, 277px\" \/><\/a><\/figure><\/div>\n","protected":false},"excerpt":{"rendered":"<p>O \u00faltimo Domingo de outubro \u00e9 o anivers\u00e1rio da SSVP, ou Confer\u00eancias Vicentinas, e passam 162 anos desde que foi criada a primeira Sociedade em Portugal.As Confer\u00eancias Vicentinas s\u00e3o um grupo de crist\u00e3os leigos que procuram \u201cservir a Cristo na pessoa do pobre, segundo o exemplo e esp\u00edrito de S. Vicente de Paulo e de [&hellip;]<\/p>\n","protected":false},"author":1,"featured_media":9793,"comment_status":"open","ping_status":"closed","sticky":false,"template":"","format":"standard","meta":{"ngg_post_thumbnail":0},"categories":[1,4,2,6],"tags":[],"_links":{"self":[{"href":"http:\/\/paroquiagloria.org\/v2\/index.php?rest_route=\/wp\/v2\/posts\/9797"}],"collection":[{"href":"http:\/\/paroquiagloria.org\/v2\/index.php?rest_route=\/wp\/v2\/posts"}],"about":[{"href":"http:\/\/paroquiagloria.org\/v2\/index.php?rest_route=\/wp\/v2\/types\/post"}],"author":[{"embeddable":true,"href":"http:\/\/paroquiagloria.org\/v2\/index.php?rest_route=\/wp\/v2\/users\/1"}],"replies":[{"embeddable":true,"href":"http:\/\/paroquiagloria.org\/v2\/index.php?rest_route=%2Fwp%2Fv2%2Fcomments&post=9797"}],"version-history":[{"count":1,"href":"http:\/\/paroquiagloria.org\/v2\/index.php?rest_route=\/wp\/v2\/posts\/9797\/revisions"}],"predecessor-version":[{"id":9798,"href":"http:\/\/paroquiagloria.org\/v2\/index.php?rest_route=\/wp\/v2\/posts\/9797\/revisions\/9798"}],"wp:featuredmedia":[{"embeddable":true,"href":"http:\/\/paroquiagloria.org\/v2\/index.php?rest_route=\/wp\/v2\/media\/9793"}],"wp:attachment":[{"href":"http:\/\/paroquiagloria.org\/v2\/index.php?rest_route=%2Fwp%2Fv2%2Fmedia&parent=9797"}],"wp:term":[{"taxonomy":"category","embeddable":true,"href":"http:\/\/paroquiagloria.org\/v2\/index.php?rest_route=%2Fwp%2Fv2%2Fcategories&post=9797"},{"taxonomy":"post_tag","embeddable":true,"href":"http:\/\/paroquiagloria.org\/v2\/index.php?rest_route=%2Fwp%2Fv2%2Ftags&post=9797"}],"curies":[{"name":"wp","href":"https:\/\/api.w.org\/{rel}","templated":true}]}}