{"id":9786,"date":"2021-10-23T18:33:30","date_gmt":"2021-10-23T18:33:30","guid":{"rendered":"http:\/\/paroquiagloria.org\/v2\/?p=9786"},"modified":"2021-10-23T18:33:31","modified_gmt":"2021-10-23T18:33:31","slug":"passemos-para-a-outra-margem","status":"publish","type":"post","link":"http:\/\/paroquiagloria.org\/v2\/?p=9786","title":{"rendered":"&#8220;PASSEMOS PARA A OUTRA MARGEM&#8221;"},"content":{"rendered":"\n<div class=\"wp-block-image\"><figure class=\"aligncenter size-large\"><a href=\"http:\/\/paroquiagloria.org\/v2\/wp-content\/uploads\/2021\/07\/catedralAv_obras.jpg\"><img loading=\"lazy\" width=\"581\" height=\"534\" src=\"http:\/\/paroquiagloria.org\/v2\/wp-content\/uploads\/2021\/07\/catedralAv_obras.jpg\" alt=\"\" class=\"wp-image-9612\" srcset=\"http:\/\/paroquiagloria.org\/v2\/wp-content\/uploads\/2021\/07\/catedralAv_obras.jpg 581w, http:\/\/paroquiagloria.org\/v2\/wp-content\/uploads\/2021\/07\/catedralAv_obras-300x276.jpg 300w\" sizes=\"(max-width: 581px) 100vw, 581px\" \/><\/a><\/figure><\/div>\n\n\n\n<p class=\"has-black-color has-text-color\">Ainda n\u00e3o atingimos o cume, mas para l\u00e1 caminhamos passo a passo, e as dificuldades que perspectivamos na caminhada n\u00e3o nos demovem de continuar. Refiro-me ao grosso das actividades ainda ditas normais da Par\u00f3quia.<br>Sa\u00eddos dum tempo que nos tolheu, mas que proporcionou experi\u00eancias e obrigou a buscar meios\u2026 demos lugar ao sonho, que nos permitiu com tr\u00eas substantivos orientar as actividades de todos os grupos neste ano pastoral: <strong>FORMA\u00c7\u00c3O, S\u00cdNODO e FESTA.<\/strong><br><\/p>\n\n\n\n<ul><li>A <strong>FORMA\u00c7\u00c3O<\/strong> vai-nos obrigar a constituir uma verdadeira OFICINA DE AGENTES PASTORAIS, a ter lugar ao longo do ano, segundo o ritmo e a espiritualidade do Templo Lit\u00fargico, independentemente das propostas formativas que nos vierem da Diocese e do Arciprestado.<\/li><li>O <strong>S\u00cdNODO<\/strong>, que o Papa Francisco abriu em Roma no dia 10 e a nossa Diocese no dia 17, h\u00e1-de proporcionar-nos uma experi\u00eancia feliz de ausculta\u00e7\u00e3o em grupo e de caminhada em comum, de modo a sermos mais fielmente, neste tempo e na nossa terra, presen\u00e7a da Igreja que n\u00e3o pode deixar de ser Mestra em Sinodalidade.<\/li><li>E tudo isto h\u00e1-de ser vivido em clima de <strong>FESTA<\/strong>. Dentro e fora da Igreja. Nos grupos, zonas e ruas.<\/li><\/ul>\n\n\n\n<p>Que Bartimeu, o cego e pedinte do Evangelho de hoje, nos ajude a &#8220;atirar fora&#8221; a capa das nossas seguran\u00e7as e rotinas.<\/p>\n\n\n\n<p class=\"has-text-align-right\"><em>P. Fausto<\/em><\/p>\n","protected":false},"excerpt":{"rendered":"<p>Ainda n\u00e3o atingimos o cume, mas para l\u00e1 caminhamos passo a passo, e as dificuldades que perspectivamos na caminhada n\u00e3o nos demovem de continuar. Refiro-me ao grosso das actividades ainda ditas normais da Par\u00f3quia.Sa\u00eddos dum tempo que nos tolheu, mas que proporcionou experi\u00eancias e obrigou a buscar meios\u2026 demos lugar ao sonho, que nos permitiu [&hellip;]<\/p>\n","protected":false},"author":1,"featured_media":9613,"comment_status":"open","ping_status":"closed","sticky":false,"template":"","format":"standard","meta":{"ngg_post_thumbnail":0},"categories":[1,4,2,6,24],"tags":[],"_links":{"self":[{"href":"http:\/\/paroquiagloria.org\/v2\/index.php?rest_route=\/wp\/v2\/posts\/9786"}],"collection":[{"href":"http:\/\/paroquiagloria.org\/v2\/index.php?rest_route=\/wp\/v2\/posts"}],"about":[{"href":"http:\/\/paroquiagloria.org\/v2\/index.php?rest_route=\/wp\/v2\/types\/post"}],"author":[{"embeddable":true,"href":"http:\/\/paroquiagloria.org\/v2\/index.php?rest_route=\/wp\/v2\/users\/1"}],"replies":[{"embeddable":true,"href":"http:\/\/paroquiagloria.org\/v2\/index.php?rest_route=%2Fwp%2Fv2%2Fcomments&post=9786"}],"version-history":[{"count":1,"href":"http:\/\/paroquiagloria.org\/v2\/index.php?rest_route=\/wp\/v2\/posts\/9786\/revisions"}],"predecessor-version":[{"id":9787,"href":"http:\/\/paroquiagloria.org\/v2\/index.php?rest_route=\/wp\/v2\/posts\/9786\/revisions\/9787"}],"wp:featuredmedia":[{"embeddable":true,"href":"http:\/\/paroquiagloria.org\/v2\/index.php?rest_route=\/wp\/v2\/media\/9613"}],"wp:attachment":[{"href":"http:\/\/paroquiagloria.org\/v2\/index.php?rest_route=%2Fwp%2Fv2%2Fmedia&parent=9786"}],"wp:term":[{"taxonomy":"category","embeddable":true,"href":"http:\/\/paroquiagloria.org\/v2\/index.php?rest_route=%2Fwp%2Fv2%2Fcategories&post=9786"},{"taxonomy":"post_tag","embeddable":true,"href":"http:\/\/paroquiagloria.org\/v2\/index.php?rest_route=%2Fwp%2Fv2%2Ftags&post=9786"}],"curies":[{"name":"wp","href":"https:\/\/api.w.org\/{rel}","templated":true}]}}