{"id":9784,"date":"2021-10-23T18:30:11","date_gmt":"2021-10-23T18:30:11","guid":{"rendered":"http:\/\/paroquiagloria.org\/v2\/?p=9784"},"modified":"2021-10-23T18:30:12","modified_gmt":"2021-10-23T18:30:12","slug":"dialogos-exposicao-interdiocesana-2","status":"publish","type":"post","link":"http:\/\/paroquiagloria.org\/v2\/?p=9784","title":{"rendered":"Di\u00e1logos \u2013 exposi\u00e7\u00e3o interdiocesana"},"content":{"rendered":"\n<div class=\"wp-block-image\"><figure class=\"aligncenter size-large\"><a href=\"http:\/\/paroquiagloria.org\/v2\/wp-content\/uploads\/2021\/10\/dialogos_exposicao7.jpg\"><img loading=\"lazy\" width=\"1024\" height=\"486\" src=\"http:\/\/paroquiagloria.org\/v2\/wp-content\/uploads\/2021\/10\/dialogos_exposicao7-1024x486.jpg\" alt=\"\" class=\"wp-image-9771\" srcset=\"http:\/\/paroquiagloria.org\/v2\/wp-content\/uploads\/2021\/10\/dialogos_exposicao7-1024x486.jpg 1024w, http:\/\/paroquiagloria.org\/v2\/wp-content\/uploads\/2021\/10\/dialogos_exposicao7-300x142.jpg 300w, http:\/\/paroquiagloria.org\/v2\/wp-content\/uploads\/2021\/10\/dialogos_exposicao7-768x365.jpg 768w, http:\/\/paroquiagloria.org\/v2\/wp-content\/uploads\/2021\/10\/dialogos_exposicao7.jpg 1259w\" sizes=\"(max-width: 1024px) 100vw, 1024px\" \/><\/a><\/figure><\/div>\n\n\n\n<p>Os Departamentos Diocesanos de Bens Culturais da Igreja das Dioceses de Aveiro, Viseu, Guarda e Lamego inauguraram esta sexta-feira, 22 de outubro de 2021 na Casa da Cultura de \u00cdlhavo uma exposi\u00e7\u00e3o que ir\u00e1 percorrer as diferentes dioceses que a promovem. A exposi\u00e7\u00e3o tem patente obras de reconhecido m\u00e9rito, que j\u00e1 figuraram em exposi\u00e7\u00f5es internacionais, de que destacamos Las Edades Del Hombre, em Espanha.<br>A exposi\u00e7\u00e3o decorre at\u00e9 dia 4 de fevereiro de 2022 na Casa da Cultura de \u00cdlhavo.<\/p>\n\n\n\n<p><\/p>\n","protected":false},"excerpt":{"rendered":"<p>Os Departamentos Diocesanos de Bens Culturais da Igreja das Dioceses de Aveiro, Viseu, Guarda e Lamego inauguraram esta sexta-feira, 22 de outubro de 2021 na Casa da Cultura de \u00cdlhavo uma exposi\u00e7\u00e3o que ir\u00e1 percorrer as diferentes dioceses que a promovem. A exposi\u00e7\u00e3o tem patente obras de reconhecido m\u00e9rito, que j\u00e1 figuraram em exposi\u00e7\u00f5es internacionais, [&hellip;]<\/p>\n","protected":false},"author":1,"featured_media":9740,"comment_status":"open","ping_status":"closed","sticky":false,"template":"","format":"standard","meta":{"ngg_post_thumbnail":0},"categories":[1,4,2,6,24],"tags":[],"_links":{"self":[{"href":"http:\/\/paroquiagloria.org\/v2\/index.php?rest_route=\/wp\/v2\/posts\/9784"}],"collection":[{"href":"http:\/\/paroquiagloria.org\/v2\/index.php?rest_route=\/wp\/v2\/posts"}],"about":[{"href":"http:\/\/paroquiagloria.org\/v2\/index.php?rest_route=\/wp\/v2\/types\/post"}],"author":[{"embeddable":true,"href":"http:\/\/paroquiagloria.org\/v2\/index.php?rest_route=\/wp\/v2\/users\/1"}],"replies":[{"embeddable":true,"href":"http:\/\/paroquiagloria.org\/v2\/index.php?rest_route=%2Fwp%2Fv2%2Fcomments&post=9784"}],"version-history":[{"count":1,"href":"http:\/\/paroquiagloria.org\/v2\/index.php?rest_route=\/wp\/v2\/posts\/9784\/revisions"}],"predecessor-version":[{"id":9785,"href":"http:\/\/paroquiagloria.org\/v2\/index.php?rest_route=\/wp\/v2\/posts\/9784\/revisions\/9785"}],"wp:featuredmedia":[{"embeddable":true,"href":"http:\/\/paroquiagloria.org\/v2\/index.php?rest_route=\/wp\/v2\/media\/9740"}],"wp:attachment":[{"href":"http:\/\/paroquiagloria.org\/v2\/index.php?rest_route=%2Fwp%2Fv2%2Fmedia&parent=9784"}],"wp:term":[{"taxonomy":"category","embeddable":true,"href":"http:\/\/paroquiagloria.org\/v2\/index.php?rest_route=%2Fwp%2Fv2%2Fcategories&post=9784"},{"taxonomy":"post_tag","embeddable":true,"href":"http:\/\/paroquiagloria.org\/v2\/index.php?rest_route=%2Fwp%2Fv2%2Ftags&post=9784"}],"curies":[{"name":"wp","href":"https:\/\/api.w.org\/{rel}","templated":true}]}}