{"id":9780,"date":"2021-10-23T18:25:19","date_gmt":"2021-10-23T18:25:19","guid":{"rendered":"http:\/\/paroquiagloria.org\/v2\/?p=9780"},"modified":"2021-10-23T18:25:21","modified_gmt":"2021-10-23T18:25:21","slug":"festivais-de-outono21","status":"publish","type":"post","link":"http:\/\/paroquiagloria.org\/v2\/?p=9780","title":{"rendered":"Festivais de Outono\u201921"},"content":{"rendered":"\n<div class=\"wp-block-image\"><figure class=\"aligncenter size-large\"><a href=\"http:\/\/paroquiagloria.org\/v2\/wp-content\/uploads\/2021\/10\/festivaisoutono21_2.jpg\"><img loading=\"lazy\" width=\"532\" height=\"681\" src=\"http:\/\/paroquiagloria.org\/v2\/wp-content\/uploads\/2021\/10\/festivaisoutono21_2.jpg\" alt=\"\" class=\"wp-image-9772\" srcset=\"http:\/\/paroquiagloria.org\/v2\/wp-content\/uploads\/2021\/10\/festivaisoutono21_2.jpg 532w, http:\/\/paroquiagloria.org\/v2\/wp-content\/uploads\/2021\/10\/festivaisoutono21_2-234x300.jpg 234w\" sizes=\"(max-width: 532px) 100vw, 532px\" \/><\/a><\/figure><\/div>\n\n\n\n<p>Integrado nos Festivais de Outono\u201921 a Universidade de Aveiro promove uma s\u00e9rie de concertos em v\u00e1rios concelhos da regi\u00e3o.<br>Na pr\u00f3xima ter\u00e7a-feira, dia 26, pelas 21h, no Semin\u00e1rio de Santa Joana Princesa \u2013 Aveiro.<br>Ser\u00e3o tocadas pe\u00e7as de compositoras pioneiras da Am\u00e9rica, interpretadas por Nuno Antunes (clarinete) e Jo\u00e3o Ara\u00fajo (piano).<br>A <strong>entrada \u00e9 livre<\/strong> mediante <a href=\"https:\/\/www.ua.pt\/pt\/festivaisdeoutono\/bilheteira\" data-type=\"URL\" data-id=\"https:\/\/www.ua.pt\/pt\/festivaisdeoutono\/bilheteira\" target=\"_blank\" rel=\"noreferrer noopener\">reserva<\/a>.<\/p>\n\n\n\n<p><a href=\"https:\/\/www.ua.pt\/pt\/festivaisdeoutono\" data-type=\"URL\" data-id=\"https:\/\/www.ua.pt\/pt\/festivaisdeoutono\" target=\"_blank\" rel=\"noreferrer noopener\">MAIS INFORMA\u00c7\u00d5ES AQUI<\/a><\/p>\n\n\n\n<p><\/p>\n","protected":false},"excerpt":{"rendered":"<p>Integrado nos Festivais de Outono\u201921 a Universidade de Aveiro promove uma s\u00e9rie de concertos em v\u00e1rios concelhos da regi\u00e3o.Na pr\u00f3xima ter\u00e7a-feira, dia 26, pelas 21h, no Semin\u00e1rio de Santa Joana Princesa \u2013 Aveiro.Ser\u00e3o tocadas pe\u00e7as de compositoras pioneiras da Am\u00e9rica, interpretadas por Nuno Antunes (clarinete) e Jo\u00e3o Ara\u00fajo (piano).A entrada \u00e9 livre mediante reserva. MAIS [&hellip;]<\/p>\n","protected":false},"author":1,"featured_media":9773,"comment_status":"open","ping_status":"closed","sticky":false,"template":"","format":"standard","meta":{"ngg_post_thumbnail":0},"categories":[1,4,2,6],"tags":[],"_links":{"self":[{"href":"http:\/\/paroquiagloria.org\/v2\/index.php?rest_route=\/wp\/v2\/posts\/9780"}],"collection":[{"href":"http:\/\/paroquiagloria.org\/v2\/index.php?rest_route=\/wp\/v2\/posts"}],"about":[{"href":"http:\/\/paroquiagloria.org\/v2\/index.php?rest_route=\/wp\/v2\/types\/post"}],"author":[{"embeddable":true,"href":"http:\/\/paroquiagloria.org\/v2\/index.php?rest_route=\/wp\/v2\/users\/1"}],"replies":[{"embeddable":true,"href":"http:\/\/paroquiagloria.org\/v2\/index.php?rest_route=%2Fwp%2Fv2%2Fcomments&post=9780"}],"version-history":[{"count":1,"href":"http:\/\/paroquiagloria.org\/v2\/index.php?rest_route=\/wp\/v2\/posts\/9780\/revisions"}],"predecessor-version":[{"id":9781,"href":"http:\/\/paroquiagloria.org\/v2\/index.php?rest_route=\/wp\/v2\/posts\/9780\/revisions\/9781"}],"wp:featuredmedia":[{"embeddable":true,"href":"http:\/\/paroquiagloria.org\/v2\/index.php?rest_route=\/wp\/v2\/media\/9773"}],"wp:attachment":[{"href":"http:\/\/paroquiagloria.org\/v2\/index.php?rest_route=%2Fwp%2Fv2%2Fmedia&parent=9780"}],"wp:term":[{"taxonomy":"category","embeddable":true,"href":"http:\/\/paroquiagloria.org\/v2\/index.php?rest_route=%2Fwp%2Fv2%2Fcategories&post=9780"},{"taxonomy":"post_tag","embeddable":true,"href":"http:\/\/paroquiagloria.org\/v2\/index.php?rest_route=%2Fwp%2Fv2%2Ftags&post=9780"}],"curies":[{"name":"wp","href":"https:\/\/api.w.org\/{rel}","templated":true}]}}