{"id":9778,"date":"2021-10-23T18:23:06","date_gmt":"2021-10-23T18:23:06","guid":{"rendered":"http:\/\/paroquiagloria.org\/v2\/?p=9778"},"modified":"2021-10-23T18:23:08","modified_gmt":"2021-10-23T18:23:08","slug":"pedi-trabalhadores-para-a-messe","status":"publish","type":"post","link":"http:\/\/paroquiagloria.org\/v2\/?p=9778","title":{"rendered":"\u201cPedi trabalhadores para a messe\u201d"},"content":{"rendered":"\n<div class=\"wp-block-image is-style-rounded\"><figure class=\"aligncenter size-large\"><a href=\"http:\/\/paroquiagloria.org\/v2\/wp-content\/uploads\/2021\/10\/banner_Seminarioo.jpg\"><img loading=\"lazy\" width=\"960\" height=\"450\" src=\"http:\/\/paroquiagloria.org\/v2\/wp-content\/uploads\/2021\/10\/banner_Seminarioo.jpg\" alt=\"\" class=\"wp-image-9704\" srcset=\"http:\/\/paroquiagloria.org\/v2\/wp-content\/uploads\/2021\/10\/banner_Seminarioo.jpg 960w, http:\/\/paroquiagloria.org\/v2\/wp-content\/uploads\/2021\/10\/banner_Seminarioo-300x141.jpg 300w, http:\/\/paroquiagloria.org\/v2\/wp-content\/uploads\/2021\/10\/banner_Seminarioo-768x360.jpg 768w\" sizes=\"(max-width: 960px) 100vw, 960px\" \/><\/a><\/figure><\/div>\n\n\n\n<p>Todos os meses o Semin\u00e1rio de Santa Joana promove a ora\u00e7\u00e3o pelas voca\u00e7\u00f5es sacerdotais. Na pr\u00f3xima semana, na quinta-feira pelas 21h na Capela do Sagrado Cora\u00e7\u00e3o de Jesus, do Semin\u00e1rio.<\/p>\n","protected":false},"excerpt":{"rendered":"<p>Todos os meses o Semin\u00e1rio de Santa Joana promove a ora\u00e7\u00e3o pelas voca\u00e7\u00f5es sacerdotais. Na pr\u00f3xima semana, na quinta-feira pelas 21h na Capela do Sagrado Cora\u00e7\u00e3o de Jesus, do Semin\u00e1rio.<\/p>\n","protected":false},"author":1,"featured_media":9704,"comment_status":"open","ping_status":"closed","sticky":false,"template":"","format":"standard","meta":{"ngg_post_thumbnail":0},"categories":[1,4,2,6,24],"tags":[],"_links":{"self":[{"href":"http:\/\/paroquiagloria.org\/v2\/index.php?rest_route=\/wp\/v2\/posts\/9778"}],"collection":[{"href":"http:\/\/paroquiagloria.org\/v2\/index.php?rest_route=\/wp\/v2\/posts"}],"about":[{"href":"http:\/\/paroquiagloria.org\/v2\/index.php?rest_route=\/wp\/v2\/types\/post"}],"author":[{"embeddable":true,"href":"http:\/\/paroquiagloria.org\/v2\/index.php?rest_route=\/wp\/v2\/users\/1"}],"replies":[{"embeddable":true,"href":"http:\/\/paroquiagloria.org\/v2\/index.php?rest_route=%2Fwp%2Fv2%2Fcomments&post=9778"}],"version-history":[{"count":1,"href":"http:\/\/paroquiagloria.org\/v2\/index.php?rest_route=\/wp\/v2\/posts\/9778\/revisions"}],"predecessor-version":[{"id":9779,"href":"http:\/\/paroquiagloria.org\/v2\/index.php?rest_route=\/wp\/v2\/posts\/9778\/revisions\/9779"}],"wp:featuredmedia":[{"embeddable":true,"href":"http:\/\/paroquiagloria.org\/v2\/index.php?rest_route=\/wp\/v2\/media\/9704"}],"wp:attachment":[{"href":"http:\/\/paroquiagloria.org\/v2\/index.php?rest_route=%2Fwp%2Fv2%2Fmedia&parent=9778"}],"wp:term":[{"taxonomy":"category","embeddable":true,"href":"http:\/\/paroquiagloria.org\/v2\/index.php?rest_route=%2Fwp%2Fv2%2Fcategories&post=9778"},{"taxonomy":"post_tag","embeddable":true,"href":"http:\/\/paroquiagloria.org\/v2\/index.php?rest_route=%2Fwp%2Fv2%2Ftags&post=9778"}],"curies":[{"name":"wp","href":"https:\/\/api.w.org\/{rel}","templated":true}]}}