{"id":9776,"date":"2021-10-23T18:21:14","date_gmt":"2021-10-23T18:21:14","guid":{"rendered":"http:\/\/paroquiagloria.org\/v2\/?p=9776"},"modified":"2021-10-23T18:21:15","modified_gmt":"2021-10-23T18:21:15","slug":"24-de-outubro-dia-mundial-das-missoes","status":"publish","type":"post","link":"http:\/\/paroquiagloria.org\/v2\/?p=9776","title":{"rendered":"24 de Outubro &#8211; DIA MUNDIAL DAS MISS\u00d5ES"},"content":{"rendered":"\n<div class=\"wp-block-image\"><figure class=\"aligncenter size-large\"><a href=\"http:\/\/paroquiagloria.org\/v2\/wp-content\/uploads\/2021\/10\/Cartaz_outubro_missionario_2021-768x1054-1.jpg\"><img loading=\"lazy\" width=\"746\" height=\"1024\" src=\"http:\/\/paroquiagloria.org\/v2\/wp-content\/uploads\/2021\/10\/Cartaz_outubro_missionario_2021-768x1054-1-746x1024.jpg\" alt=\"\" class=\"wp-image-9766\" srcset=\"http:\/\/paroquiagloria.org\/v2\/wp-content\/uploads\/2021\/10\/Cartaz_outubro_missionario_2021-768x1054-1-746x1024.jpg 746w, http:\/\/paroquiagloria.org\/v2\/wp-content\/uploads\/2021\/10\/Cartaz_outubro_missionario_2021-768x1054-1-219x300.jpg 219w, http:\/\/paroquiagloria.org\/v2\/wp-content\/uploads\/2021\/10\/Cartaz_outubro_missionario_2021-768x1054-1.jpg 768w\" sizes=\"(max-width: 746px) 100vw, 746px\" \/><\/a><\/figure><\/div>\n\n\n\n<p>\u2018N\u00e3o podemos calar o que vimos e ouvimos\u2019 (Atos 4, 20), que evoca o exemplo de supera\u00e7\u00e3o das primeiras comunidades crist\u00e3s, \u00e9 o tema do Gui\u00e3o Mission\u00e1rio 2021\/2022, que apresenta v\u00e1rias propostas de reflex\u00e3o, ora\u00e7\u00e3o e celebra\u00e7\u00e3o.<br>\u201cN\u00e3o s\u00e3o precisas hist\u00f3rias extraordin\u00e1rias. Precisamos de hist\u00f3rias pessoais. Para se tornar evangelizador \u00e9 importante saber, no fundo do seu ser, porque estamos ainda aqui, hoje, a confessar que somos disc\u00edpulos de Jesus, o que recebemos dele\u201d, l\u00ea-se no documento dos Institutos Mission\u00e1rios \u201cAd Gentes\u201d, publicado pelas Obras Mission\u00e1rias Pontif\u00edcias em Portugal.<br>O m\u00eas outubro mission\u00e1rio tem origem no Dia Mundial das Miss\u00f5es, que se celebra no pen\u00faltimo domingo de outubro, data institu\u00edda pelo Papa Pio XI em 1926, como um \u201cdia de ora\u00e7\u00e3o e ofertas em favor da evangeliza\u00e7\u00e3o dos povos\u201d.<br><\/p>\n\n\n\n<p class=\"has-text-align-right\">fonte: <a href=\"https:\/\/agencia.ecclesia.pt\/portal\/portugal-igreja-catolica-celebra-outubro-missionario-com-convite-ao-testemunho-concreto-da-fe\/\" data-type=\"URL\" data-id=\"https:\/\/agencia.ecclesia.pt\/portal\/portugal-igreja-catolica-celebra-outubro-missionario-com-convite-ao-testemunho-concreto-da-fe\/\" target=\"_blank\" rel=\"noreferrer noopener\">Ag\u00eancia Ecclesia<\/a><\/p>\n\n\n\n<p><a href=\"https:\/\/www.opf.pt\/dia-mundial-missoes\/\" data-type=\"URL\" data-id=\"https:\/\/www.opf.pt\/dia-mundial-missoes\/\" target=\"_blank\" rel=\"noreferrer noopener\">MAIS INFORMA\u00c7\u00d5ES<\/a><\/p>\n\n\n\n<p><a href=\"https:\/\/www.opf.pt\/wp-content\/uploads\/2021\/09\/Mensagem_DiaMundialMissoes2021.pdf\" data-type=\"URL\" data-id=\"https:\/\/www.opf.pt\/wp-content\/uploads\/2021\/09\/Mensagem_DiaMundialMissoes2021.pdf\" target=\"_blank\" rel=\"noreferrer noopener\">MENSAGEM DO PAPA PARA ESTE DIA<\/a><\/p>\n","protected":false},"excerpt":{"rendered":"<p>\u2018N\u00e3o podemos calar o que vimos e ouvimos\u2019 (Atos 4, 20), que evoca o exemplo de supera\u00e7\u00e3o das primeiras comunidades crist\u00e3s, \u00e9 o tema do Gui\u00e3o Mission\u00e1rio 2021\/2022, que apresenta v\u00e1rias propostas de reflex\u00e3o, ora\u00e7\u00e3o e celebra\u00e7\u00e3o.\u201cN\u00e3o s\u00e3o precisas hist\u00f3rias extraordin\u00e1rias. Precisamos de hist\u00f3rias pessoais. Para se tornar evangelizador \u00e9 importante saber, no fundo do [&hellip;]<\/p>\n","protected":false},"author":1,"featured_media":9767,"comment_status":"open","ping_status":"closed","sticky":false,"template":"","format":"standard","meta":{"ngg_post_thumbnail":0},"categories":[1,4,2,6,24],"tags":[],"_links":{"self":[{"href":"http:\/\/paroquiagloria.org\/v2\/index.php?rest_route=\/wp\/v2\/posts\/9776"}],"collection":[{"href":"http:\/\/paroquiagloria.org\/v2\/index.php?rest_route=\/wp\/v2\/posts"}],"about":[{"href":"http:\/\/paroquiagloria.org\/v2\/index.php?rest_route=\/wp\/v2\/types\/post"}],"author":[{"embeddable":true,"href":"http:\/\/paroquiagloria.org\/v2\/index.php?rest_route=\/wp\/v2\/users\/1"}],"replies":[{"embeddable":true,"href":"http:\/\/paroquiagloria.org\/v2\/index.php?rest_route=%2Fwp%2Fv2%2Fcomments&post=9776"}],"version-history":[{"count":1,"href":"http:\/\/paroquiagloria.org\/v2\/index.php?rest_route=\/wp\/v2\/posts\/9776\/revisions"}],"predecessor-version":[{"id":9777,"href":"http:\/\/paroquiagloria.org\/v2\/index.php?rest_route=\/wp\/v2\/posts\/9776\/revisions\/9777"}],"wp:featuredmedia":[{"embeddable":true,"href":"http:\/\/paroquiagloria.org\/v2\/index.php?rest_route=\/wp\/v2\/media\/9767"}],"wp:attachment":[{"href":"http:\/\/paroquiagloria.org\/v2\/index.php?rest_route=%2Fwp%2Fv2%2Fmedia&parent=9776"}],"wp:term":[{"taxonomy":"category","embeddable":true,"href":"http:\/\/paroquiagloria.org\/v2\/index.php?rest_route=%2Fwp%2Fv2%2Fcategories&post=9776"},{"taxonomy":"post_tag","embeddable":true,"href":"http:\/\/paroquiagloria.org\/v2\/index.php?rest_route=%2Fwp%2Fv2%2Ftags&post=9776"}],"curies":[{"name":"wp","href":"https:\/\/api.w.org\/{rel}","templated":true}]}}