{"id":9774,"date":"2021-10-23T18:18:55","date_gmt":"2021-10-23T18:18:55","guid":{"rendered":"http:\/\/paroquiagloria.org\/v2\/?p=9774"},"modified":"2021-10-23T18:18:56","modified_gmt":"2021-10-23T18:18:56","slug":"formacao-para-o-voluntariado-missionario","status":"publish","type":"post","link":"http:\/\/paroquiagloria.org\/v2\/?p=9774","title":{"rendered":"Forma\u00e7\u00e3o para o voluntariado mission\u00e1rio"},"content":{"rendered":"\n<div class=\"wp-block-image\"><figure class=\"aligncenter size-large\"><a href=\"http:\/\/paroquiagloria.org\/v2\/wp-content\/uploads\/2021\/10\/SDAM.png\"><img loading=\"lazy\" width=\"512\" height=\"205\" src=\"http:\/\/paroquiagloria.org\/v2\/wp-content\/uploads\/2021\/10\/SDAM.png\" alt=\"\" class=\"wp-image-9763\" srcset=\"http:\/\/paroquiagloria.org\/v2\/wp-content\/uploads\/2021\/10\/SDAM.png 512w, http:\/\/paroquiagloria.org\/v2\/wp-content\/uploads\/2021\/10\/SDAM-300x120.png 300w\" sizes=\"(max-width: 512px) 100vw, 512px\" \/><\/a><\/figure><\/div>\n\n\n\n<p>No dia 30 de outubro ir\u00e1 decor-rer a primeira for-ma\u00e7\u00e3o do volunta-riado mission\u00e1rio para todos aqueles que pretendem realizar este tipo de experi\u00eancia.<br>A forma\u00e7\u00e3o decorrer\u00e1 no CUFC (entre o Semin\u00e1rio e a Universidade) a partir das 10h.<\/p>\n","protected":false},"excerpt":{"rendered":"<p>No dia 30 de outubro ir\u00e1 decor-rer a primeira for-ma\u00e7\u00e3o do volunta-riado mission\u00e1rio para todos aqueles que pretendem realizar este tipo de experi\u00eancia.A forma\u00e7\u00e3o decorrer\u00e1 no CUFC (entre o Semin\u00e1rio e a Universidade) a partir das 10h.<\/p>\n","protected":false},"author":1,"featured_media":9768,"comment_status":"open","ping_status":"closed","sticky":false,"template":"","format":"standard","meta":{"ngg_post_thumbnail":0},"categories":[1,4,2,6],"tags":[],"_links":{"self":[{"href":"http:\/\/paroquiagloria.org\/v2\/index.php?rest_route=\/wp\/v2\/posts\/9774"}],"collection":[{"href":"http:\/\/paroquiagloria.org\/v2\/index.php?rest_route=\/wp\/v2\/posts"}],"about":[{"href":"http:\/\/paroquiagloria.org\/v2\/index.php?rest_route=\/wp\/v2\/types\/post"}],"author":[{"embeddable":true,"href":"http:\/\/paroquiagloria.org\/v2\/index.php?rest_route=\/wp\/v2\/users\/1"}],"replies":[{"embeddable":true,"href":"http:\/\/paroquiagloria.org\/v2\/index.php?rest_route=%2Fwp%2Fv2%2Fcomments&post=9774"}],"version-history":[{"count":1,"href":"http:\/\/paroquiagloria.org\/v2\/index.php?rest_route=\/wp\/v2\/posts\/9774\/revisions"}],"predecessor-version":[{"id":9775,"href":"http:\/\/paroquiagloria.org\/v2\/index.php?rest_route=\/wp\/v2\/posts\/9774\/revisions\/9775"}],"wp:featuredmedia":[{"embeddable":true,"href":"http:\/\/paroquiagloria.org\/v2\/index.php?rest_route=\/wp\/v2\/media\/9768"}],"wp:attachment":[{"href":"http:\/\/paroquiagloria.org\/v2\/index.php?rest_route=%2Fwp%2Fv2%2Fmedia&parent=9774"}],"wp:term":[{"taxonomy":"category","embeddable":true,"href":"http:\/\/paroquiagloria.org\/v2\/index.php?rest_route=%2Fwp%2Fv2%2Fcategories&post=9774"},{"taxonomy":"post_tag","embeddable":true,"href":"http:\/\/paroquiagloria.org\/v2\/index.php?rest_route=%2Fwp%2Fv2%2Ftags&post=9774"}],"curies":[{"name":"wp","href":"https:\/\/api.w.org\/{rel}","templated":true}]}}