{"id":9752,"date":"2021-10-16T17:31:10","date_gmt":"2021-10-16T17:31:10","guid":{"rendered":"http:\/\/paroquiagloria.org\/v2\/?p=9752"},"modified":"2021-10-16T17:31:11","modified_gmt":"2021-10-16T17:31:11","slug":"dia-do-exercito","status":"publish","type":"post","link":"http:\/\/paroquiagloria.org\/v2\/?p=9752","title":{"rendered":"&#8220;Dia do Ex\u00e9rcito&#8221;"},"content":{"rendered":"\n<div class=\"wp-block-image\"><figure class=\"aligncenter size-large\"><a href=\"http:\/\/paroquiagloria.org\/v2\/wp-content\/uploads\/2021\/10\/banner_exercito1.jpg\"><img loading=\"lazy\" width=\"960\" height=\"450\" src=\"http:\/\/paroquiagloria.org\/v2\/wp-content\/uploads\/2021\/10\/banner_exercito1.jpg\" alt=\"\" class=\"wp-image-9741\" srcset=\"http:\/\/paroquiagloria.org\/v2\/wp-content\/uploads\/2021\/10\/banner_exercito1.jpg 960w, http:\/\/paroquiagloria.org\/v2\/wp-content\/uploads\/2021\/10\/banner_exercito1-300x141.jpg 300w, http:\/\/paroquiagloria.org\/v2\/wp-content\/uploads\/2021\/10\/banner_exercito1-768x360.jpg 768w\" sizes=\"(max-width: 960px) 100vw, 960px\" \/><\/a><\/figure><\/div>\n\n\n\n<p>No pr\u00f3ximo Domingo, dia 24, a Missa das 10h30 obriga-nos a algumas adapta\u00e7\u00f5es e vai ser transmitida pelo Canal 1 da RTP e animada pelo Coro da Banda do Ex\u00e9rcito e a respectiva Fanfarra. Tudo integrado nas celebra\u00e7\u00f5es do &#8220;Dia do Ex\u00e9rcito&#8221;, que a nossa cidade vai acolher.<br>N\u00e3o vamos fechar portas, mas seria bom que a Assembleia Eucar\u00edstica habitual \u00e0s 10h30 integrasse a das outras Missas, para, assim, dar mais espa\u00e7o \u00e0 presen\u00e7a das Autoridades Militares, Civis e seus convidados.<br>Refira-se tamb\u00e9m que, neste mesmo dia, al\u00e9m das habituais, haver\u00e1, \u00e0s 15h30, Missa da &#8220;Primeira Comunh\u00e3o&#8221; de 18 Crian\u00e7as da nossa Catequese Paroquial, que n\u00e3o puderam faz\u00ea-lo, em devido tempo, por raz\u00f5es relacionadas com a pandemia.<\/p>\n","protected":false},"excerpt":{"rendered":"<p>No pr\u00f3ximo Domingo, dia 24, a Missa das 10h30 obriga-nos a algumas adapta\u00e7\u00f5es e vai ser transmitida pelo Canal 1 da RTP e animada pelo Coro da Banda do Ex\u00e9rcito e a respectiva Fanfarra. Tudo integrado nas celebra\u00e7\u00f5es do &#8220;Dia do Ex\u00e9rcito&#8221;, que a nossa cidade vai acolher.N\u00e3o vamos fechar portas, mas seria bom que [&hellip;]<\/p>\n","protected":false},"author":1,"featured_media":9741,"comment_status":"open","ping_status":"closed","sticky":false,"template":"","format":"standard","meta":{"ngg_post_thumbnail":0},"categories":[1,4,2,6],"tags":[],"_links":{"self":[{"href":"http:\/\/paroquiagloria.org\/v2\/index.php?rest_route=\/wp\/v2\/posts\/9752"}],"collection":[{"href":"http:\/\/paroquiagloria.org\/v2\/index.php?rest_route=\/wp\/v2\/posts"}],"about":[{"href":"http:\/\/paroquiagloria.org\/v2\/index.php?rest_route=\/wp\/v2\/types\/post"}],"author":[{"embeddable":true,"href":"http:\/\/paroquiagloria.org\/v2\/index.php?rest_route=\/wp\/v2\/users\/1"}],"replies":[{"embeddable":true,"href":"http:\/\/paroquiagloria.org\/v2\/index.php?rest_route=%2Fwp%2Fv2%2Fcomments&post=9752"}],"version-history":[{"count":1,"href":"http:\/\/paroquiagloria.org\/v2\/index.php?rest_route=\/wp\/v2\/posts\/9752\/revisions"}],"predecessor-version":[{"id":9753,"href":"http:\/\/paroquiagloria.org\/v2\/index.php?rest_route=\/wp\/v2\/posts\/9752\/revisions\/9753"}],"wp:featuredmedia":[{"embeddable":true,"href":"http:\/\/paroquiagloria.org\/v2\/index.php?rest_route=\/wp\/v2\/media\/9741"}],"wp:attachment":[{"href":"http:\/\/paroquiagloria.org\/v2\/index.php?rest_route=%2Fwp%2Fv2%2Fmedia&parent=9752"}],"wp:term":[{"taxonomy":"category","embeddable":true,"href":"http:\/\/paroquiagloria.org\/v2\/index.php?rest_route=%2Fwp%2Fv2%2Fcategories&post=9752"},{"taxonomy":"post_tag","embeddable":true,"href":"http:\/\/paroquiagloria.org\/v2\/index.php?rest_route=%2Fwp%2Fv2%2Ftags&post=9752"}],"curies":[{"name":"wp","href":"https:\/\/api.w.org\/{rel}","templated":true}]}}