{"id":9750,"date":"2021-10-16T17:29:55","date_gmt":"2021-10-16T17:29:55","guid":{"rendered":"http:\/\/paroquiagloria.org\/v2\/?p=9750"},"modified":"2021-10-16T17:29:57","modified_gmt":"2021-10-16T17:29:57","slug":"dialogos-exposicao-interdiocesana","status":"publish","type":"post","link":"http:\/\/paroquiagloria.org\/v2\/?p=9750","title":{"rendered":"&#8220;Di\u00e1logos&#8221; \u2013 exposi\u00e7\u00e3o interdiocesana"},"content":{"rendered":"\n<div class=\"wp-block-image\"><figure class=\"aligncenter size-large\"><a href=\"http:\/\/paroquiagloria.org\/v2\/wp-content\/uploads\/2021\/10\/dialogos_exposicao5.jpg\"><img loading=\"lazy\" width=\"789\" height=\"722\" src=\"http:\/\/paroquiagloria.org\/v2\/wp-content\/uploads\/2021\/10\/dialogos_exposicao5.jpg\" alt=\"\" class=\"wp-image-9733\" srcset=\"http:\/\/paroquiagloria.org\/v2\/wp-content\/uploads\/2021\/10\/dialogos_exposicao5.jpg 789w, http:\/\/paroquiagloria.org\/v2\/wp-content\/uploads\/2021\/10\/dialogos_exposicao5-300x275.jpg 300w, http:\/\/paroquiagloria.org\/v2\/wp-content\/uploads\/2021\/10\/dialogos_exposicao5-768x703.jpg 768w\" sizes=\"(max-width: 789px) 100vw, 789px\" \/><\/a><\/figure><\/div>\n\n\n\n<p>Decorre at\u00e9 dia 4 de Fevereiro de 2022, na Casa da Cultura de \u00cdlhavo, a exposi\u00e7\u00e3o interdiocesana &#8211; \u201cDi\u00e1logos\u201d.<br>\u00c9 uma exposi\u00e7\u00e3o organizada pelos Departamentos Diocesanos de Bens Culturais da Igreja das Dioceses de Aveiro, Viseu, Guarda e Lamego e com interesse quer para crentes, quer para n\u00e3o crentes. A exposi\u00e7\u00e3o tem patentes obras de reconhecido m\u00e9rito, que j\u00e1 figuraram em exposi\u00e7\u00f5es inter-nacionais, de que destacamos Las Edades Del Hombre, em Espanha.<\/p>\n\n\n\n<p><a rel=\"noreferrer noopener\" href=\"https:\/\/agencia.ecclesia.pt\/portal\/patrimonio-pecas-de-arte-em-exposicao-itinerante-para-colocar-em-dialogo-natureza-artista-e-observador\/\" data-type=\"URL\" data-id=\"https:\/\/agencia.ecclesia.pt\/portal\/patrimonio-pecas-de-arte-em-exposicao-itinerante-para-colocar-em-dialogo-natureza-artista-e-observador\/\" target=\"_blank\">MAIS INFORMA\u00c7\u00d5ES<\/a><\/p>\n\n\n\n<div class=\"wp-block-image\"><figure class=\"aligncenter size-large\"><a href=\"http:\/\/paroquiagloria.org\/v2\/wp-content\/uploads\/2021\/10\/dialogos_exposicao3.jpeg\"><img loading=\"lazy\" width=\"1024\" height=\"768\" src=\"http:\/\/paroquiagloria.org\/v2\/wp-content\/uploads\/2021\/10\/dialogos_exposicao3-1024x768.jpeg\" alt=\"\" class=\"wp-image-9735\" srcset=\"http:\/\/paroquiagloria.org\/v2\/wp-content\/uploads\/2021\/10\/dialogos_exposicao3-1024x768.jpeg 1024w, http:\/\/paroquiagloria.org\/v2\/wp-content\/uploads\/2021\/10\/dialogos_exposicao3-300x225.jpeg 300w, http:\/\/paroquiagloria.org\/v2\/wp-content\/uploads\/2021\/10\/dialogos_exposicao3-768x576.jpeg 768w, http:\/\/paroquiagloria.org\/v2\/wp-content\/uploads\/2021\/10\/dialogos_exposicao3.jpeg 1280w\" sizes=\"(max-width: 1024px) 100vw, 1024px\" \/><\/a><\/figure><\/div>\n","protected":false},"excerpt":{"rendered":"<p>Decorre at\u00e9 dia 4 de Fevereiro de 2022, na Casa da Cultura de \u00cdlhavo, a exposi\u00e7\u00e3o interdiocesana &#8211; \u201cDi\u00e1logos\u201d.\u00c9 uma exposi\u00e7\u00e3o organizada pelos Departamentos Diocesanos de Bens Culturais da Igreja das Dioceses de Aveiro, Viseu, Guarda e Lamego e com interesse quer para crentes, quer para n\u00e3o crentes. A exposi\u00e7\u00e3o tem patentes obras de reconhecido [&hellip;]<\/p>\n","protected":false},"author":1,"featured_media":9740,"comment_status":"open","ping_status":"closed","sticky":false,"template":"","format":"standard","meta":{"ngg_post_thumbnail":0},"categories":[1,4,2,6],"tags":[],"_links":{"self":[{"href":"http:\/\/paroquiagloria.org\/v2\/index.php?rest_route=\/wp\/v2\/posts\/9750"}],"collection":[{"href":"http:\/\/paroquiagloria.org\/v2\/index.php?rest_route=\/wp\/v2\/posts"}],"about":[{"href":"http:\/\/paroquiagloria.org\/v2\/index.php?rest_route=\/wp\/v2\/types\/post"}],"author":[{"embeddable":true,"href":"http:\/\/paroquiagloria.org\/v2\/index.php?rest_route=\/wp\/v2\/users\/1"}],"replies":[{"embeddable":true,"href":"http:\/\/paroquiagloria.org\/v2\/index.php?rest_route=%2Fwp%2Fv2%2Fcomments&post=9750"}],"version-history":[{"count":1,"href":"http:\/\/paroquiagloria.org\/v2\/index.php?rest_route=\/wp\/v2\/posts\/9750\/revisions"}],"predecessor-version":[{"id":9751,"href":"http:\/\/paroquiagloria.org\/v2\/index.php?rest_route=\/wp\/v2\/posts\/9750\/revisions\/9751"}],"wp:featuredmedia":[{"embeddable":true,"href":"http:\/\/paroquiagloria.org\/v2\/index.php?rest_route=\/wp\/v2\/media\/9740"}],"wp:attachment":[{"href":"http:\/\/paroquiagloria.org\/v2\/index.php?rest_route=%2Fwp%2Fv2%2Fmedia&parent=9750"}],"wp:term":[{"taxonomy":"category","embeddable":true,"href":"http:\/\/paroquiagloria.org\/v2\/index.php?rest_route=%2Fwp%2Fv2%2Fcategories&post=9750"},{"taxonomy":"post_tag","embeddable":true,"href":"http:\/\/paroquiagloria.org\/v2\/index.php?rest_route=%2Fwp%2Fv2%2Ftags&post=9750"}],"curies":[{"name":"wp","href":"https:\/\/api.w.org\/{rel}","templated":true}]}}