{"id":9746,"date":"2021-10-16T17:25:44","date_gmt":"2021-10-16T17:25:44","guid":{"rendered":"http:\/\/paroquiagloria.org\/v2\/?p=9746"},"modified":"2021-10-16T17:25:46","modified_gmt":"2021-10-16T17:25:46","slug":"semana-nacional-da-educacao-crista-2","status":"publish","type":"post","link":"http:\/\/paroquiagloria.org\/v2\/?p=9746","title":{"rendered":"Semana Nacional da Educa\u00e7\u00e3o Crist\u00e3"},"content":{"rendered":"\n<div class=\"wp-block-image\"><figure class=\"aligncenter size-large\"><a href=\"http:\/\/paroquiagloria.org\/v2\/wp-content\/uploads\/2021\/10\/sacrario_cpp_210926065638.jpg\"><img loading=\"lazy\" width=\"555\" height=\"408\" src=\"http:\/\/paroquiagloria.org\/v2\/wp-content\/uploads\/2021\/10\/sacrario_cpp_210926065638.jpg\" alt=\"\" class=\"wp-image-9738\" srcset=\"http:\/\/paroquiagloria.org\/v2\/wp-content\/uploads\/2021\/10\/sacrario_cpp_210926065638.jpg 555w, http:\/\/paroquiagloria.org\/v2\/wp-content\/uploads\/2021\/10\/sacrario_cpp_210926065638-300x221.jpg 300w\" sizes=\"(max-width: 555px) 100vw, 555px\" \/><\/a><\/figure><\/div>\n\n\n\n<p>A Igreja Cat\u00f3lica em Portugal co-me\u00e7a este domin-go a celebrar a Semana Nacional da Educa\u00e7\u00e3o Crist\u00e3 2021, apontando a \u201cnovos caminhos\u201d no setor, refere a Comiss\u00e3o Episcopal da Educa\u00e7\u00e3o Crist\u00e3 e Doutrina da F\u00e9 (CEECDF).<br>\u201cPorque o tempo que vivemos \u00e9 sobretudo um tempo de esperan\u00e7a, de abertura ao futuro, na redescoberta da originalidade da miss\u00e3o e de novos caminhos para a realizar, n\u00e3o tenhamos medo de mergulhar no interior dos diferentes contextos em que vive a humanidade, de pensar e percorrer o caminho juntos\u201d, l\u00ea-se na nota pastoral.<br><\/p>\n\n\n\n<p><em>fonte: <a href=\"https:\/\/agencia.ecclesia.pt\/portal\/evento\/portugal-igreja-catolica-celebra-semana-nacional-da-educacao-crista-apontando-a-novos-caminhos\/\" data-type=\"URL\" data-id=\"https:\/\/agencia.ecclesia.pt\/portal\/evento\/portugal-igreja-catolica-celebra-semana-nacional-da-educacao-crista-apontando-a-novos-caminhos\/\">Ag\u00ean<\/a><a href=\"https:\/\/agencia.ecclesia.pt\/portal\/evento\/portugal-igreja-catolica-celebra-semana-nacional-da-educacao-crista-apontando-a-novos-caminhos\/\" data-type=\"URL\" data-id=\"https:\/\/agencia.ecclesia.pt\/portal\/evento\/portugal-igreja-catolica-celebra-semana-nacional-da-educacao-crista-apontando-a-novos-caminhos\/\" target=\"_blank\" rel=\"noreferrer noopener\">cia Ecclesi<\/a><a href=\"https:\/\/agencia.ecclesia.pt\/portal\/evento\/portugal-igreja-catolica-celebra-semana-nacional-da-educacao-crista-apontando-a-novos-caminhos\/\" data-type=\"URL\" data-id=\"https:\/\/agencia.ecclesia.pt\/portal\/evento\/portugal-igreja-catolica-celebra-semana-nacional-da-educacao-crista-apontando-a-novos-caminhos\/\">a<\/a><\/em><\/p>\n","protected":false},"excerpt":{"rendered":"<p>A Igreja Cat\u00f3lica em Portugal co-me\u00e7a este domin-go a celebrar a Semana Nacional da Educa\u00e7\u00e3o Crist\u00e3 2021, apontando a \u201cnovos caminhos\u201d no setor, refere a Comiss\u00e3o Episcopal da Educa\u00e7\u00e3o Crist\u00e3 e Doutrina da F\u00e9 (CEECDF).\u201cPorque o tempo que vivemos \u00e9 sobretudo um tempo de esperan\u00e7a, de abertura ao futuro, na redescoberta da originalidade da miss\u00e3o [&hellip;]<\/p>\n","protected":false},"author":1,"featured_media":9742,"comment_status":"open","ping_status":"closed","sticky":false,"template":"","format":"standard","meta":{"ngg_post_thumbnail":0},"categories":[1,4,2,6,24],"tags":[],"_links":{"self":[{"href":"http:\/\/paroquiagloria.org\/v2\/index.php?rest_route=\/wp\/v2\/posts\/9746"}],"collection":[{"href":"http:\/\/paroquiagloria.org\/v2\/index.php?rest_route=\/wp\/v2\/posts"}],"about":[{"href":"http:\/\/paroquiagloria.org\/v2\/index.php?rest_route=\/wp\/v2\/types\/post"}],"author":[{"embeddable":true,"href":"http:\/\/paroquiagloria.org\/v2\/index.php?rest_route=\/wp\/v2\/users\/1"}],"replies":[{"embeddable":true,"href":"http:\/\/paroquiagloria.org\/v2\/index.php?rest_route=%2Fwp%2Fv2%2Fcomments&post=9746"}],"version-history":[{"count":1,"href":"http:\/\/paroquiagloria.org\/v2\/index.php?rest_route=\/wp\/v2\/posts\/9746\/revisions"}],"predecessor-version":[{"id":9747,"href":"http:\/\/paroquiagloria.org\/v2\/index.php?rest_route=\/wp\/v2\/posts\/9746\/revisions\/9747"}],"wp:featuredmedia":[{"embeddable":true,"href":"http:\/\/paroquiagloria.org\/v2\/index.php?rest_route=\/wp\/v2\/media\/9742"}],"wp:attachment":[{"href":"http:\/\/paroquiagloria.org\/v2\/index.php?rest_route=%2Fwp%2Fv2%2Fmedia&parent=9746"}],"wp:term":[{"taxonomy":"category","embeddable":true,"href":"http:\/\/paroquiagloria.org\/v2\/index.php?rest_route=%2Fwp%2Fv2%2Fcategories&post=9746"},{"taxonomy":"post_tag","embeddable":true,"href":"http:\/\/paroquiagloria.org\/v2\/index.php?rest_route=%2Fwp%2Fv2%2Ftags&post=9746"}],"curies":[{"name":"wp","href":"https:\/\/api.w.org\/{rel}","templated":true}]}}