{"id":9724,"date":"2021-10-09T17:39:17","date_gmt":"2021-10-09T17:39:17","guid":{"rendered":"http:\/\/paroquiagloria.org\/v2\/?p=9724"},"modified":"2021-10-09T17:39:18","modified_gmt":"2021-10-09T17:39:18","slug":"oracao-pelas-vocacoes-sacerdotais","status":"publish","type":"post","link":"http:\/\/paroquiagloria.org\/v2\/?p=9724","title":{"rendered":"Ora\u00e7\u00e3o pelas Voca\u00e7\u00f5es Sacerdotais"},"content":{"rendered":"\n<div class=\"wp-block-image\"><figure class=\"aligncenter size-large\"><a href=\"http:\/\/paroquiagloria.org\/v2\/wp-content\/uploads\/2021\/10\/Seminarioo.jpg\"><img loading=\"lazy\" width=\"943\" height=\"1024\" src=\"http:\/\/paroquiagloria.org\/v2\/wp-content\/uploads\/2021\/10\/Seminarioo-943x1024.jpg\" alt=\"\" class=\"wp-image-9703\" srcset=\"http:\/\/paroquiagloria.org\/v2\/wp-content\/uploads\/2021\/10\/Seminarioo-943x1024.jpg 943w, http:\/\/paroquiagloria.org\/v2\/wp-content\/uploads\/2021\/10\/Seminarioo-276x300.jpg 276w, http:\/\/paroquiagloria.org\/v2\/wp-content\/uploads\/2021\/10\/Seminarioo-768x834.jpg 768w, http:\/\/paroquiagloria.org\/v2\/wp-content\/uploads\/2021\/10\/Seminarioo.jpg 960w\" sizes=\"(max-width: 943px) 100vw, 943px\" \/><\/a><\/figure><\/div>\n\n\n\n<p>Na passada quinta-feira, dia 30 de Setembro, o Semin\u00e1rio de Santa Joana Princesa, retomou a <strong>\u201cOra\u00e7\u00e3o pelas Voca\u00e7\u00f5es Sacerdotais\u201d \u00e0s 21h<\/strong>. Decorrem, uma vez por m\u00eas. Vamos &#8220;Pedir trabalhadores para a messe&#8221;, como nos refere o Evangelho!<\/p>\n","protected":false},"excerpt":{"rendered":"<p>Na passada quinta-feira, dia 30 de Setembro, o Semin\u00e1rio de Santa Joana Princesa, retomou a \u201cOra\u00e7\u00e3o pelas Voca\u00e7\u00f5es Sacerdotais\u201d \u00e0s 21h. Decorrem, uma vez por m\u00eas. Vamos &#8220;Pedir trabalhadores para a messe&#8221;, como nos refere o Evangelho!<\/p>\n","protected":false},"author":1,"featured_media":9704,"comment_status":"open","ping_status":"closed","sticky":false,"template":"","format":"standard","meta":{"ngg_post_thumbnail":0},"categories":[1,4,2,6],"tags":[],"_links":{"self":[{"href":"http:\/\/paroquiagloria.org\/v2\/index.php?rest_route=\/wp\/v2\/posts\/9724"}],"collection":[{"href":"http:\/\/paroquiagloria.org\/v2\/index.php?rest_route=\/wp\/v2\/posts"}],"about":[{"href":"http:\/\/paroquiagloria.org\/v2\/index.php?rest_route=\/wp\/v2\/types\/post"}],"author":[{"embeddable":true,"href":"http:\/\/paroquiagloria.org\/v2\/index.php?rest_route=\/wp\/v2\/users\/1"}],"replies":[{"embeddable":true,"href":"http:\/\/paroquiagloria.org\/v2\/index.php?rest_route=%2Fwp%2Fv2%2Fcomments&post=9724"}],"version-history":[{"count":1,"href":"http:\/\/paroquiagloria.org\/v2\/index.php?rest_route=\/wp\/v2\/posts\/9724\/revisions"}],"predecessor-version":[{"id":9725,"href":"http:\/\/paroquiagloria.org\/v2\/index.php?rest_route=\/wp\/v2\/posts\/9724\/revisions\/9725"}],"wp:featuredmedia":[{"embeddable":true,"href":"http:\/\/paroquiagloria.org\/v2\/index.php?rest_route=\/wp\/v2\/media\/9704"}],"wp:attachment":[{"href":"http:\/\/paroquiagloria.org\/v2\/index.php?rest_route=%2Fwp%2Fv2%2Fmedia&parent=9724"}],"wp:term":[{"taxonomy":"category","embeddable":true,"href":"http:\/\/paroquiagloria.org\/v2\/index.php?rest_route=%2Fwp%2Fv2%2Fcategories&post=9724"},{"taxonomy":"post_tag","embeddable":true,"href":"http:\/\/paroquiagloria.org\/v2\/index.php?rest_route=%2Fwp%2Fv2%2Ftags&post=9724"}],"curies":[{"name":"wp","href":"https:\/\/api.w.org\/{rel}","templated":true}]}}