{"id":9722,"date":"2021-10-09T17:38:08","date_gmt":"2021-10-09T17:38:08","guid":{"rendered":"http:\/\/paroquiagloria.org\/v2\/?p=9722"},"modified":"2021-10-09T17:38:09","modified_gmt":"2021-10-09T17:38:09","slug":"1-milhao-de-criancas-rezam-o-terco-pela-paz-2","status":"publish","type":"post","link":"http:\/\/paroquiagloria.org\/v2\/?p=9722","title":{"rendered":"\u00ab1 milh\u00e3o de crian\u00e7as rezam o Ter\u00e7o pela Paz\u00bb"},"content":{"rendered":"\n<div class=\"wp-block-image\"><figure class=\"aligncenter size-large\"><a href=\"http:\/\/paroquiagloria.org\/v2\/wp-content\/uploads\/2021\/10\/Banner_AISterco.jpg\"><img loading=\"lazy\" width=\"960\" height=\"540\" src=\"http:\/\/paroquiagloria.org\/v2\/wp-content\/uploads\/2021\/10\/Banner_AISterco.jpg\" alt=\"\" class=\"wp-image-9689\" srcset=\"http:\/\/paroquiagloria.org\/v2\/wp-content\/uploads\/2021\/10\/Banner_AISterco.jpg 960w, http:\/\/paroquiagloria.org\/v2\/wp-content\/uploads\/2021\/10\/Banner_AISterco-300x169.jpg 300w, http:\/\/paroquiagloria.org\/v2\/wp-content\/uploads\/2021\/10\/Banner_AISterco-768x432.jpg 768w\" sizes=\"(max-width: 960px) 100vw, 960px\" \/><\/a><\/figure><\/div>\n\n\n\n<p>A Funda\u00e7\u00e3o Ajuda \u00e0 Igreja que Sofre (AIS) organiza a iniciativa <strong>\u20181 milh\u00e3o de crian\u00e7as rezam o Ter\u00e7o pela Paz\u2019<\/strong> que decorrer\u00e1 no dia 18 de outubro.<br>As crian\u00e7as v\u00e3o refletir sobre outras \u201cdoen\u00e7as\u201d que afetam e amea\u00e7am \u201cmilh\u00f5es de pessoas\u201d e o planeta, como \u201ca fome, a pobreza, a corrup\u00e7\u00e3o, o terrorismo, a profana\u00e7\u00e3o da vida humana e a destrui\u00e7\u00e3o da cria\u00e7\u00e3o\u201d. A iniciativa realiza-se \u201cem torno de S\u00e3o Jos\u00e9, com cita\u00e7\u00f5es da Carta Apost\u00f3lica \u2018<em>Patris corde<\/em>\u2019\u201d.<\/p>\n","protected":false},"excerpt":{"rendered":"<p>A Funda\u00e7\u00e3o Ajuda \u00e0 Igreja que Sofre (AIS) organiza a iniciativa \u20181 milh\u00e3o de crian\u00e7as rezam o Ter\u00e7o pela Paz\u2019 que decorrer\u00e1 no dia 18 de outubro.As crian\u00e7as v\u00e3o refletir sobre outras \u201cdoen\u00e7as\u201d que afetam e amea\u00e7am \u201cmilh\u00f5es de pessoas\u201d e o planeta, como \u201ca fome, a pobreza, a corrup\u00e7\u00e3o, o terrorismo, a profana\u00e7\u00e3o da [&hellip;]<\/p>\n","protected":false},"author":1,"featured_media":9689,"comment_status":"open","ping_status":"closed","sticky":false,"template":"","format":"standard","meta":{"ngg_post_thumbnail":0},"categories":[1,4,2,6],"tags":[],"_links":{"self":[{"href":"http:\/\/paroquiagloria.org\/v2\/index.php?rest_route=\/wp\/v2\/posts\/9722"}],"collection":[{"href":"http:\/\/paroquiagloria.org\/v2\/index.php?rest_route=\/wp\/v2\/posts"}],"about":[{"href":"http:\/\/paroquiagloria.org\/v2\/index.php?rest_route=\/wp\/v2\/types\/post"}],"author":[{"embeddable":true,"href":"http:\/\/paroquiagloria.org\/v2\/index.php?rest_route=\/wp\/v2\/users\/1"}],"replies":[{"embeddable":true,"href":"http:\/\/paroquiagloria.org\/v2\/index.php?rest_route=%2Fwp%2Fv2%2Fcomments&post=9722"}],"version-history":[{"count":1,"href":"http:\/\/paroquiagloria.org\/v2\/index.php?rest_route=\/wp\/v2\/posts\/9722\/revisions"}],"predecessor-version":[{"id":9723,"href":"http:\/\/paroquiagloria.org\/v2\/index.php?rest_route=\/wp\/v2\/posts\/9722\/revisions\/9723"}],"wp:featuredmedia":[{"embeddable":true,"href":"http:\/\/paroquiagloria.org\/v2\/index.php?rest_route=\/wp\/v2\/media\/9689"}],"wp:attachment":[{"href":"http:\/\/paroquiagloria.org\/v2\/index.php?rest_route=%2Fwp%2Fv2%2Fmedia&parent=9722"}],"wp:term":[{"taxonomy":"category","embeddable":true,"href":"http:\/\/paroquiagloria.org\/v2\/index.php?rest_route=%2Fwp%2Fv2%2Fcategories&post=9722"},{"taxonomy":"post_tag","embeddable":true,"href":"http:\/\/paroquiagloria.org\/v2\/index.php?rest_route=%2Fwp%2Fv2%2Ftags&post=9722"}],"curies":[{"name":"wp","href":"https:\/\/api.w.org\/{rel}","templated":true}]}}