{"id":9720,"date":"2021-10-09T17:36:33","date_gmt":"2021-10-09T17:36:33","guid":{"rendered":"http:\/\/paroquiagloria.org\/v2\/?p=9720"},"modified":"2021-10-09T17:36:35","modified_gmt":"2021-10-09T17:36:35","slug":"jornadas-mundiais-da-juventude-lisboa-2023","status":"publish","type":"post","link":"http:\/\/paroquiagloria.org\/v2\/?p=9720","title":{"rendered":"Jornadas Mundiais da Juventude Lisboa 2023"},"content":{"rendered":"\n<div class=\"wp-block-image\"><figure class=\"aligncenter size-large\"><a href=\"http:\/\/paroquiagloria.org\/v2\/wp-content\/uploads\/2021\/06\/banner_JMJ_Aveiro.jpg\"><img loading=\"lazy\" width=\"960\" height=\"450\" src=\"http:\/\/paroquiagloria.org\/v2\/wp-content\/uploads\/2021\/06\/banner_JMJ_Aveiro.jpg\" alt=\"\" class=\"wp-image-9490\" srcset=\"http:\/\/paroquiagloria.org\/v2\/wp-content\/uploads\/2021\/06\/banner_JMJ_Aveiro.jpg 960w, http:\/\/paroquiagloria.org\/v2\/wp-content\/uploads\/2021\/06\/banner_JMJ_Aveiro-300x141.jpg 300w, http:\/\/paroquiagloria.org\/v2\/wp-content\/uploads\/2021\/06\/banner_JMJ_Aveiro-768x360.jpg 768w\" sizes=\"(max-width: 960px) 100vw, 960px\" \/><\/a><\/figure><\/div>\n\n\n\n<p><strong>As JMJ j\u00e1 t\u00eam data! <\/strong>Ir\u00e3o acontecer entre os dias <strong>1 e 6 de agosto de 2023 em Lisboa<\/strong>.<br>Na nossa par\u00f3quia j\u00e1 est\u00e1 preparada uma equipa (Comit\u00e9 Organizador Paroquial- COP) que ficar\u00e1 respons\u00e1vel pelos volunt\u00e1rios, pelas fam\u00edlias de acolhimento, pela dinamiza\u00e7\u00e3o cultural, comunica\u00e7\u00e3o e a programa\u00e7\u00e3o geral e anima\u00e7\u00e3o.<br>Queremos que toda a par\u00f3quia esteja unida neste caminho que envolve todos, mas que motiva os jovens a terem Jesus no seu dia-a-dia e a viverem mais perto d\u2019Ele. Em breve teremos mais novidades!<\/p>\n\n\n\n<p><a href=\"https:\/\/agencia.ecclesia.pt\/portal\/lisboa-2023-anuncio-da-data-da-jornada-mundial-da-juventude-traz-um-convite-a-fraternidade-universal\/\" data-type=\"URL\" data-id=\"https:\/\/agencia.ecclesia.pt\/portal\/lisboa-2023-anuncio-da-data-da-jornada-mundial-da-juventude-traz-um-convite-a-fraternidade-universal\/\" target=\"_blank\" rel=\"noreferrer noopener\">MAIS INFORMA\u00c7\u00d5ES<\/a><\/p>\n","protected":false},"excerpt":{"rendered":"<p>As JMJ j\u00e1 t\u00eam data! Ir\u00e3o acontecer entre os dias 1 e 6 de agosto de 2023 em Lisboa.Na nossa par\u00f3quia j\u00e1 est\u00e1 preparada uma equipa (Comit\u00e9 Organizador Paroquial- COP) que ficar\u00e1 respons\u00e1vel pelos volunt\u00e1rios, pelas fam\u00edlias de acolhimento, pela dinamiza\u00e7\u00e3o cultural, comunica\u00e7\u00e3o e a programa\u00e7\u00e3o geral e anima\u00e7\u00e3o.Queremos que toda a par\u00f3quia esteja unida [&hellip;]<\/p>\n","protected":false},"author":1,"featured_media":9037,"comment_status":"open","ping_status":"closed","sticky":false,"template":"","format":"standard","meta":{"ngg_post_thumbnail":0},"categories":[1,4,2,6,24],"tags":[],"_links":{"self":[{"href":"http:\/\/paroquiagloria.org\/v2\/index.php?rest_route=\/wp\/v2\/posts\/9720"}],"collection":[{"href":"http:\/\/paroquiagloria.org\/v2\/index.php?rest_route=\/wp\/v2\/posts"}],"about":[{"href":"http:\/\/paroquiagloria.org\/v2\/index.php?rest_route=\/wp\/v2\/types\/post"}],"author":[{"embeddable":true,"href":"http:\/\/paroquiagloria.org\/v2\/index.php?rest_route=\/wp\/v2\/users\/1"}],"replies":[{"embeddable":true,"href":"http:\/\/paroquiagloria.org\/v2\/index.php?rest_route=%2Fwp%2Fv2%2Fcomments&post=9720"}],"version-history":[{"count":1,"href":"http:\/\/paroquiagloria.org\/v2\/index.php?rest_route=\/wp\/v2\/posts\/9720\/revisions"}],"predecessor-version":[{"id":9721,"href":"http:\/\/paroquiagloria.org\/v2\/index.php?rest_route=\/wp\/v2\/posts\/9720\/revisions\/9721"}],"wp:featuredmedia":[{"embeddable":true,"href":"http:\/\/paroquiagloria.org\/v2\/index.php?rest_route=\/wp\/v2\/media\/9037"}],"wp:attachment":[{"href":"http:\/\/paroquiagloria.org\/v2\/index.php?rest_route=%2Fwp%2Fv2%2Fmedia&parent=9720"}],"wp:term":[{"taxonomy":"category","embeddable":true,"href":"http:\/\/paroquiagloria.org\/v2\/index.php?rest_route=%2Fwp%2Fv2%2Fcategories&post=9720"},{"taxonomy":"post_tag","embeddable":true,"href":"http:\/\/paroquiagloria.org\/v2\/index.php?rest_route=%2Fwp%2Fv2%2Ftags&post=9720"}],"curies":[{"name":"wp","href":"https:\/\/api.w.org\/{rel}","templated":true}]}}