{"id":9717,"date":"2021-10-09T17:31:41","date_gmt":"2021-10-09T17:31:41","guid":{"rendered":"http:\/\/paroquiagloria.org\/v2\/?p=9717"},"modified":"2021-10-09T17:31:41","modified_gmt":"2021-10-09T17:31:41","slug":"santa-joana","status":"publish","type":"post","link":"http:\/\/paroquiagloria.org\/v2\/?p=9717","title":{"rendered":"Santa Joana"},"content":{"rendered":"\n<div class=\"wp-block-image\"><figure class=\"aligncenter size-large\"><a href=\"http:\/\/paroquiagloria.org\/v2\/wp-content\/uploads\/2020\/05\/banner_SantaJoana_banner2020.jpg\"><img loading=\"lazy\" width=\"960\" height=\"450\" src=\"http:\/\/paroquiagloria.org\/v2\/wp-content\/uploads\/2020\/05\/banner_SantaJoana_banner2020.jpg\" alt=\"\" class=\"wp-image-8629\" srcset=\"http:\/\/paroquiagloria.org\/v2\/wp-content\/uploads\/2020\/05\/banner_SantaJoana_banner2020.jpg 960w, http:\/\/paroquiagloria.org\/v2\/wp-content\/uploads\/2020\/05\/banner_SantaJoana_banner2020-300x141.jpg 300w\" sizes=\"(max-width: 960px) 100vw, 960px\" \/><\/a><\/figure><\/div>\n\n\n\n<p>Todos os meses, no dia 12, celebramos a missa \u00e0s 8h30, em honra de Santa Joana Princesa, Padroeira da Diocese de Aveiro.<br>\u00c9 uma das formas de a nossa Par\u00f3quia contribuir para a <strong>Causa da sua Canoniza\u00e7\u00e3o<\/strong>. N\u00e3o deixe de participar.<\/p>\n","protected":false},"excerpt":{"rendered":"<p>Todos os meses, no dia 12, celebramos a missa \u00e0s 8h30, em honra de Santa Joana Princesa, Padroeira da Diocese de Aveiro.\u00c9 uma das formas de a nossa Par\u00f3quia contribuir para a Causa da sua Canoniza\u00e7\u00e3o. N\u00e3o deixe de participar.<\/p>\n","protected":false},"author":1,"featured_media":5714,"comment_status":"open","ping_status":"closed","sticky":false,"template":"","format":"standard","meta":{"ngg_post_thumbnail":0},"categories":[1,4,2,24],"tags":[],"_links":{"self":[{"href":"http:\/\/paroquiagloria.org\/v2\/index.php?rest_route=\/wp\/v2\/posts\/9717"}],"collection":[{"href":"http:\/\/paroquiagloria.org\/v2\/index.php?rest_route=\/wp\/v2\/posts"}],"about":[{"href":"http:\/\/paroquiagloria.org\/v2\/index.php?rest_route=\/wp\/v2\/types\/post"}],"author":[{"embeddable":true,"href":"http:\/\/paroquiagloria.org\/v2\/index.php?rest_route=\/wp\/v2\/users\/1"}],"replies":[{"embeddable":true,"href":"http:\/\/paroquiagloria.org\/v2\/index.php?rest_route=%2Fwp%2Fv2%2Fcomments&post=9717"}],"version-history":[{"count":1,"href":"http:\/\/paroquiagloria.org\/v2\/index.php?rest_route=\/wp\/v2\/posts\/9717\/revisions"}],"predecessor-version":[{"id":9718,"href":"http:\/\/paroquiagloria.org\/v2\/index.php?rest_route=\/wp\/v2\/posts\/9717\/revisions\/9718"}],"wp:featuredmedia":[{"embeddable":true,"href":"http:\/\/paroquiagloria.org\/v2\/index.php?rest_route=\/wp\/v2\/media\/5714"}],"wp:attachment":[{"href":"http:\/\/paroquiagloria.org\/v2\/index.php?rest_route=%2Fwp%2Fv2%2Fmedia&parent=9717"}],"wp:term":[{"taxonomy":"category","embeddable":true,"href":"http:\/\/paroquiagloria.org\/v2\/index.php?rest_route=%2Fwp%2Fv2%2Fcategories&post=9717"},{"taxonomy":"post_tag","embeddable":true,"href":"http:\/\/paroquiagloria.org\/v2\/index.php?rest_route=%2Fwp%2Fv2%2Ftags&post=9717"}],"curies":[{"name":"wp","href":"https:\/\/api.w.org\/{rel}","templated":true}]}}