{"id":9713,"date":"2021-10-09T17:28:54","date_gmt":"2021-10-09T17:28:54","guid":{"rendered":"http:\/\/paroquiagloria.org\/v2\/?p=9713"},"modified":"2021-10-09T17:34:26","modified_gmt":"2021-10-09T17:34:26","slug":"sinodo-dos-bispos","status":"publish","type":"post","link":"http:\/\/paroquiagloria.org\/v2\/?p=9713","title":{"rendered":"S\u00ednodo dos Bispos"},"content":{"rendered":"\n<div class=\"wp-block-image\"><figure class=\"aligncenter size-large\"><a href=\"http:\/\/paroquiagloria.org\/v2\/wp-content\/uploads\/2021\/10\/banner_sinodo.jpg\"><img loading=\"lazy\" width=\"960\" height=\"497\" src=\"http:\/\/paroquiagloria.org\/v2\/wp-content\/uploads\/2021\/10\/banner_sinodo.jpg\" alt=\"\" class=\"wp-image-9714\" srcset=\"http:\/\/paroquiagloria.org\/v2\/wp-content\/uploads\/2021\/10\/banner_sinodo.jpg 960w, http:\/\/paroquiagloria.org\/v2\/wp-content\/uploads\/2021\/10\/banner_sinodo-300x155.jpg 300w, http:\/\/paroquiagloria.org\/v2\/wp-content\/uploads\/2021\/10\/banner_sinodo-768x398.jpg 768w\" sizes=\"(max-width: 960px) 100vw, 960px\" \/><\/a><\/figure><\/div>\n\n\n\n<p>O Papa Francisco inicia este Domingo, em Roma, o S\u00ednodo que conduzir\u00e1 a Igreja at\u00e9 \u00e0 Assembleia que se realizar\u00e1 em 2023 depois de serem escutadas todas as par\u00f3quias, dioceses e movimento que pertencem \u00e0 Igreja.<br>Nas dioceses o arranque oficial deste tempo sinodal ser\u00e1 no pr\u00f3ximo Domingo, dia 17, tamb\u00e9m com a abertura do ano pastoral que poder\u00e1 ser acompanhada, a partir das 15h, no site da nossa diocese. Nesse dia ser\u00e1 entregue ainda, a cada par\u00f3quia um s\u00edmbolo para a igreja matriz e um cartaz com as datas da caminhada sinodal.<br><strong>Sonhemos juntos o caminho que Deus que fazer com cada um e com a Igreja!<\/strong><\/p>\n\n\n\n<div class=\"wp-block-image\"><figure class=\"aligncenter size-large\"><a href=\"http:\/\/paroquiagloria.org\/v2\/wp-content\/uploads\/2021\/10\/peopleofgod.jpg\"><img loading=\"lazy\" width=\"600\" height=\"325\" src=\"http:\/\/paroquiagloria.org\/v2\/wp-content\/uploads\/2021\/10\/peopleofgod.jpg\" alt=\"\" class=\"wp-image-9715\" srcset=\"http:\/\/paroquiagloria.org\/v2\/wp-content\/uploads\/2021\/10\/peopleofgod.jpg 600w, http:\/\/paroquiagloria.org\/v2\/wp-content\/uploads\/2021\/10\/peopleofgod-300x163.jpg 300w\" sizes=\"(max-width: 600px) 100vw, 600px\" \/><\/a><\/figure><\/div>\n\n\n\n<p><a href=\"https:\/\/agencia.ecclesia.pt\/portal\/aveiro-bispo-nomeou-responsavel-pelo-processo-sinodal-da-diocese\/\" target=\"_blank\" rel=\"noreferrer noopener\">MAIS INFORMA\u00c7\u00d5ES E DOCUMENTOS<\/a><\/p>\n","protected":false},"excerpt":{"rendered":"<p>O Papa Francisco inicia este Domingo, em Roma, o S\u00ednodo que conduzir\u00e1 a Igreja at\u00e9 \u00e0 Assembleia que se realizar\u00e1 em 2023 depois de serem escutadas todas as par\u00f3quias, dioceses e movimento que pertencem \u00e0 Igreja.Nas dioceses o arranque oficial deste tempo sinodal ser\u00e1 no pr\u00f3ximo Domingo, dia 17, tamb\u00e9m com a abertura do ano [&hellip;]<\/p>\n","protected":false},"author":1,"featured_media":9714,"comment_status":"open","ping_status":"closed","sticky":false,"template":"","format":"standard","meta":{"ngg_post_thumbnail":0},"categories":[1,4,2,6,24],"tags":[],"_links":{"self":[{"href":"http:\/\/paroquiagloria.org\/v2\/index.php?rest_route=\/wp\/v2\/posts\/9713"}],"collection":[{"href":"http:\/\/paroquiagloria.org\/v2\/index.php?rest_route=\/wp\/v2\/posts"}],"about":[{"href":"http:\/\/paroquiagloria.org\/v2\/index.php?rest_route=\/wp\/v2\/types\/post"}],"author":[{"embeddable":true,"href":"http:\/\/paroquiagloria.org\/v2\/index.php?rest_route=\/wp\/v2\/users\/1"}],"replies":[{"embeddable":true,"href":"http:\/\/paroquiagloria.org\/v2\/index.php?rest_route=%2Fwp%2Fv2%2Fcomments&post=9713"}],"version-history":[{"count":2,"href":"http:\/\/paroquiagloria.org\/v2\/index.php?rest_route=\/wp\/v2\/posts\/9713\/revisions"}],"predecessor-version":[{"id":9719,"href":"http:\/\/paroquiagloria.org\/v2\/index.php?rest_route=\/wp\/v2\/posts\/9713\/revisions\/9719"}],"wp:featuredmedia":[{"embeddable":true,"href":"http:\/\/paroquiagloria.org\/v2\/index.php?rest_route=\/wp\/v2\/media\/9714"}],"wp:attachment":[{"href":"http:\/\/paroquiagloria.org\/v2\/index.php?rest_route=%2Fwp%2Fv2%2Fmedia&parent=9713"}],"wp:term":[{"taxonomy":"category","embeddable":true,"href":"http:\/\/paroquiagloria.org\/v2\/index.php?rest_route=%2Fwp%2Fv2%2Fcategories&post=9713"},{"taxonomy":"post_tag","embeddable":true,"href":"http:\/\/paroquiagloria.org\/v2\/index.php?rest_route=%2Fwp%2Fv2%2Ftags&post=9713"}],"curies":[{"name":"wp","href":"https:\/\/api.w.org\/{rel}","templated":true}]}}