{"id":9711,"date":"2021-10-09T17:20:57","date_gmt":"2021-10-09T17:20:57","guid":{"rendered":"http:\/\/paroquiagloria.org\/v2\/?p=9711"},"modified":"2021-10-09T17:20:58","modified_gmt":"2021-10-09T17:20:58","slug":"caminhada-pela-vida-4","status":"publish","type":"post","link":"http:\/\/paroquiagloria.org\/v2\/?p=9711","title":{"rendered":"Caminhada pela Vida"},"content":{"rendered":"\n<div class=\"wp-block-image\"><figure class=\"aligncenter size-large\"><a href=\"http:\/\/paroquiagloria.org\/v2\/wp-content\/uploads\/2021\/10\/caminhada_ADAV_2021.jpg\"><img loading=\"lazy\" width=\"853\" height=\"1024\" src=\"http:\/\/paroquiagloria.org\/v2\/wp-content\/uploads\/2021\/10\/caminhada_ADAV_2021-853x1024.jpg\" alt=\"\" class=\"wp-image-9706\" srcset=\"http:\/\/paroquiagloria.org\/v2\/wp-content\/uploads\/2021\/10\/caminhada_ADAV_2021-853x1024.jpg 853w, http:\/\/paroquiagloria.org\/v2\/wp-content\/uploads\/2021\/10\/caminhada_ADAV_2021-250x300.jpg 250w, http:\/\/paroquiagloria.org\/v2\/wp-content\/uploads\/2021\/10\/caminhada_ADAV_2021-768x922.jpg 768w, http:\/\/paroquiagloria.org\/v2\/wp-content\/uploads\/2021\/10\/caminhada_ADAV_2021.jpg 1080w\" sizes=\"(max-width: 853px) 100vw, 853px\" \/><\/a><\/figure><\/div>\n\n\n\n<p>A Caminhada Solid\u00e1ria pela Vida decorrer\u00e1 dia<strong> 23 de Outubro \u00e0s 14.30h<\/strong>.<br>Pode fazer a sua inscri\u00e7\u00e3o pelo Facebook da ADAV, na Secretaria da Par\u00f3quia ou no pr\u00f3prio dia.<br>No dia da caminhada, o ponto de encontro \u00e9 em frente ao Mercado Manuel Firmino.<\/p>\n","protected":false},"excerpt":{"rendered":"<p>A Caminhada Solid\u00e1ria pela Vida decorrer\u00e1 dia 23 de Outubro \u00e0s 14.30h.Pode fazer a sua inscri\u00e7\u00e3o pelo Facebook da ADAV, na Secretaria da Par\u00f3quia ou no pr\u00f3prio dia.No dia da caminhada, o ponto de encontro \u00e9 em frente ao Mercado Manuel Firmino.<\/p>\n","protected":false},"author":1,"featured_media":9705,"comment_status":"open","ping_status":"closed","sticky":false,"template":"","format":"standard","meta":{"ngg_post_thumbnail":0},"categories":[1,4,2,6],"tags":[],"_links":{"self":[{"href":"http:\/\/paroquiagloria.org\/v2\/index.php?rest_route=\/wp\/v2\/posts\/9711"}],"collection":[{"href":"http:\/\/paroquiagloria.org\/v2\/index.php?rest_route=\/wp\/v2\/posts"}],"about":[{"href":"http:\/\/paroquiagloria.org\/v2\/index.php?rest_route=\/wp\/v2\/types\/post"}],"author":[{"embeddable":true,"href":"http:\/\/paroquiagloria.org\/v2\/index.php?rest_route=\/wp\/v2\/users\/1"}],"replies":[{"embeddable":true,"href":"http:\/\/paroquiagloria.org\/v2\/index.php?rest_route=%2Fwp%2Fv2%2Fcomments&post=9711"}],"version-history":[{"count":1,"href":"http:\/\/paroquiagloria.org\/v2\/index.php?rest_route=\/wp\/v2\/posts\/9711\/revisions"}],"predecessor-version":[{"id":9712,"href":"http:\/\/paroquiagloria.org\/v2\/index.php?rest_route=\/wp\/v2\/posts\/9711\/revisions\/9712"}],"wp:featuredmedia":[{"embeddable":true,"href":"http:\/\/paroquiagloria.org\/v2\/index.php?rest_route=\/wp\/v2\/media\/9705"}],"wp:attachment":[{"href":"http:\/\/paroquiagloria.org\/v2\/index.php?rest_route=%2Fwp%2Fv2%2Fmedia&parent=9711"}],"wp:term":[{"taxonomy":"category","embeddable":true,"href":"http:\/\/paroquiagloria.org\/v2\/index.php?rest_route=%2Fwp%2Fv2%2Fcategories&post=9711"},{"taxonomy":"post_tag","embeddable":true,"href":"http:\/\/paroquiagloria.org\/v2\/index.php?rest_route=%2Fwp%2Fv2%2Ftags&post=9711"}],"curies":[{"name":"wp","href":"https:\/\/api.w.org\/{rel}","templated":true}]}}