{"id":9698,"date":"2021-10-02T18:54:59","date_gmt":"2021-10-02T18:54:59","guid":{"rendered":"http:\/\/paroquiagloria.org\/v2\/?p=9698"},"modified":"2021-10-02T18:55:00","modified_gmt":"2021-10-02T18:55:00","slug":"passemos-para-a-outra-margem-mc-4-31-41-4","status":"publish","type":"post","link":"http:\/\/paroquiagloria.org\/v2\/?p=9698","title":{"rendered":"&#8220;PASSEMOS PARA A OUTRA MARGEM!&#8221; (Mc. 4, 31 &#8211; 41) [4]"},"content":{"rendered":"\n<figure class=\"wp-block-image size-large is-style-rounded\"><a href=\"http:\/\/paroquiagloria.org\/v2\/wp-content\/uploads\/2021\/10\/Igrejas_pos_COVID_Out21.png\"><img loading=\"lazy\" width=\"960\" height=\"450\" src=\"http:\/\/paroquiagloria.org\/v2\/wp-content\/uploads\/2021\/10\/Igrejas_pos_COVID_Out21.png\" alt=\"\" class=\"wp-image-9697\" srcset=\"http:\/\/paroquiagloria.org\/v2\/wp-content\/uploads\/2021\/10\/Igrejas_pos_COVID_Out21.png 960w, http:\/\/paroquiagloria.org\/v2\/wp-content\/uploads\/2021\/10\/Igrejas_pos_COVID_Out21-300x141.png 300w, http:\/\/paroquiagloria.org\/v2\/wp-content\/uploads\/2021\/10\/Igrejas_pos_COVID_Out21-768x360.png 768w\" sizes=\"(max-width: 960px) 100vw, 960px\" \/><\/a><\/figure>\n\n\n\n<p>&#8220;Bendito seja Deus, Pai de miseric\u00f3rdia, que nos permite retomar gradualmente, de forma respons\u00e1vel, a normalidade da vida pessoal e comunit\u00e1ria\u2026&#8221;<br>Assim come\u00e7a o documento da Confer\u00eancia Episcopal Portuguesa, que comunica as novas orienta\u00e7\u00f5es a observar nos Actos de Culto das Igrejas, em Portugal.<br>Em conformidade com tal documento, tamb\u00e9m a nossa Par\u00f3quia implementar\u00e1, a partir de 09 de Outubro, as seguintes altera\u00e7\u00f5es:<\/p>\n\n\n\n<p>1 &#8211; Os bancos rep\u00f4r-se-\u00e3o na nossa Igreja.<br>2 &#8211; N\u00e3o ser\u00e1 restringido o n\u00famero de participantes na Celebra\u00e7\u00e3o.<br>3 &#8211; Devem manter-se os cuidados de higieniza\u00e7\u00e3o das m\u00e3os e o uso das m\u00e1scaras.<br>4 &#8211; A recolha das ofertas voltar\u00e1 a fazer-se no momento da prepara\u00e7\u00e3o do altar.<br>5 &#8211; A sauda\u00e7\u00e3o da paz continuar\u00e1 suspensa.<br>6 &#8211; Retomar-se-\u00e1 a Prociss\u00e3o para a Sagrada Comunh\u00e3o, recebida sempre de p\u00e9 e na m\u00e3o.<br>7 &#8211; O di\u00e1logo com cada fiel &#8220;Corpo de Cristo. Amen&#8221; ser\u00e1 retomado.<\/p>\n\n\n\n<p>Mais <a rel=\"noreferrer noopener\" href=\"https:\/\/agencia.ecclesia.pt\/portal\/covid-19-conferencia-episcopal-portuguesa-publica-novas-orientacoes-com-levantamento-progressivo-das-restricoes-c-audio\/\" data-type=\"URL\" data-id=\"https:\/\/agencia.ecclesia.pt\/portal\/covid-19-conferencia-episcopal-portuguesa-publica-novas-orientacoes-com-levantamento-progressivo-das-restricoes-c-audio\/\" target=\"_blank\">INFORMA\u00c7\u00d4ES<\/a> e as <a href=\"https:\/\/agencia.ecclesia.pt\/portal\/orientacoes-da-conferencia-episcopal-portuguesa-liberdade-responsavel-no-culto-e-nas-atividades-pastorais\/\" data-type=\"URL\" data-id=\"https:\/\/agencia.ecclesia.pt\/portal\/orientacoes-da-conferencia-episcopal-portuguesa-liberdade-responsavel-no-culto-e-nas-atividades-pastorais\/\" target=\"_blank\" rel=\"noreferrer noopener\">ORIENTA\u00c7\u00d5ES<\/a><\/p>\n","protected":false},"excerpt":{"rendered":"<p>&#8220;Bendito seja Deus, Pai de miseric\u00f3rdia, que nos permite retomar gradualmente, de forma respons\u00e1vel, a normalidade da vida pessoal e comunit\u00e1ria\u2026&#8221;Assim come\u00e7a o documento da Confer\u00eancia Episcopal Portuguesa, que comunica as novas orienta\u00e7\u00f5es a observar nos Actos de Culto das Igrejas, em Portugal.Em conformidade com tal documento, tamb\u00e9m a nossa Par\u00f3quia implementar\u00e1, a partir de [&hellip;]<\/p>\n","protected":false},"author":1,"featured_media":9697,"comment_status":"open","ping_status":"closed","sticky":false,"template":"","format":"standard","meta":{"ngg_post_thumbnail":0},"categories":[1,4,2,6,24],"tags":[],"_links":{"self":[{"href":"http:\/\/paroquiagloria.org\/v2\/index.php?rest_route=\/wp\/v2\/posts\/9698"}],"collection":[{"href":"http:\/\/paroquiagloria.org\/v2\/index.php?rest_route=\/wp\/v2\/posts"}],"about":[{"href":"http:\/\/paroquiagloria.org\/v2\/index.php?rest_route=\/wp\/v2\/types\/post"}],"author":[{"embeddable":true,"href":"http:\/\/paroquiagloria.org\/v2\/index.php?rest_route=\/wp\/v2\/users\/1"}],"replies":[{"embeddable":true,"href":"http:\/\/paroquiagloria.org\/v2\/index.php?rest_route=%2Fwp%2Fv2%2Fcomments&post=9698"}],"version-history":[{"count":1,"href":"http:\/\/paroquiagloria.org\/v2\/index.php?rest_route=\/wp\/v2\/posts\/9698\/revisions"}],"predecessor-version":[{"id":9699,"href":"http:\/\/paroquiagloria.org\/v2\/index.php?rest_route=\/wp\/v2\/posts\/9698\/revisions\/9699"}],"wp:featuredmedia":[{"embeddable":true,"href":"http:\/\/paroquiagloria.org\/v2\/index.php?rest_route=\/wp\/v2\/media\/9697"}],"wp:attachment":[{"href":"http:\/\/paroquiagloria.org\/v2\/index.php?rest_route=%2Fwp%2Fv2%2Fmedia&parent=9698"}],"wp:term":[{"taxonomy":"category","embeddable":true,"href":"http:\/\/paroquiagloria.org\/v2\/index.php?rest_route=%2Fwp%2Fv2%2Fcategories&post=9698"},{"taxonomy":"post_tag","embeddable":true,"href":"http:\/\/paroquiagloria.org\/v2\/index.php?rest_route=%2Fwp%2Fv2%2Ftags&post=9698"}],"curies":[{"name":"wp","href":"https:\/\/api.w.org\/{rel}","templated":true}]}}